{"id":1448,"date":"2020-03-25T18:22:17","date_gmt":"2020-03-25T18:22:17","guid":{"rendered":"http:\/\/zborsolidarity.eu\/?p=1448"},"modified":"2020-11-10T21:50:45","modified_gmt":"2020-11-10T21:50:45","slug":"informacie-o-covid-19","status":"publish","type":"post","link":"https:\/\/zborsolidarity.eu\/en\/informacie-o-covid-19\/","title":{"rendered":"Inform\u00e1cie o COVID-19"},"content":{"rendered":"<p><strong>\u010co je to koronav\u00edrus (COVID-19)?<\/strong><\/p>\n<p>Novoobjaven\u00fd koronav\u00edrus je infek\u010dn\u00e9 ochorenie a choroba, ktor\u00fa sp\u00f4sobuje m\u00e1 n\u00e1zov COVID-19 (z anglick\u00e9ho n\u00e1zvu COrona VIrus DIsease 2019). V\u00e4\u010d\u0161ina \u013eud\u00ed infikovan\u00fdch v\u00edrusom COVID-19 za\u017eije mierne a\u017e stredne \u0165a\u017ek\u00e9 ochorenie d\u00fdchac\u00edch ciest a zotav\u00ed sa bez potreby osobitn\u00e9ho o\u0161etrenia. U star\u0161\u00edch \u013eud\u00ed a t\u00fdch, ktor\u00ed maj\u00fa z\u00e1kladn\u00e9 zdravotn\u00e9 probl\u00e9my, ako s\u00fa kardiovaskul\u00e1rne choroby, cukrovka, chronick\u00e9 ochorenia d\u00fdchac\u00edch ciest a rakovina, je pravdepodobnos\u0165, \u017ee sa u nich vyskytne v\u00e1\u017enej\u0161\u00ed priebeh. V\u00edrus COVID-19 sa \u0161\u00edri predov\u0161etk\u00fdm prostredn\u00edctvom kvapiek sl\u00edn alebo v\u00fdtoku z nosa, ke\u010f infikovan\u00e1 osoba ka\u0161le alebo k\u00fdcha. <a href=\"https:\/\/www.who.int\/dg\/speeches\/detail\/who-director-general-s-opening-remarks-at-the-media-briefing-on-covid-19---11-march-2020\">Svetov\u00e1 zdravotn\u00edcka organiz\u00e1cia (WHO)<\/a> 11. marca 2020 vyhl\u00e1sila, \u017ee svet \u010del\u00ed pand\u00e9mii v d\u00f4sledku z\u00e1va\u017enosti a r\u00fdchleho \u0161\u00edrenia v\u00edrusu COVID-19.<\/p>\n<p>Zdroj: <a href=\"https:\/\/www.who.int\/health-topics\/coronavirus#tab=tab_1\">WHO<\/a><\/p>\n<p><strong>Ako m\u00f4\u017eete prispie\u0165 k zastaveniu \u0161\u00edrenia v\u00edrusu?<\/strong><\/p>\n<p>V boji proti tejto chorobe sa od ka\u017edej osoby vy\u017eaduje, aby prijala prevent\u00edvne opatrenia. WHO uviedla 7 opatren\u00ed, pomocou ktor\u00fdch m\u00f4\u017eete zastavi\u0165 \u0161\u00edrenie v\u00edrusu.<\/p>\n<p>Pozrite si ich na <a href=\"https:\/\/www.youtube.com\/watch?v=8c_UJwLq8PI\">videu,\u00a0<\/a><\/p>\n<p>Pri informovan\u00ed sa o \u0161\u00edren\u00ed v\u00edrusu, sa v\u017edy ria\u010fte spo\u013eahliv\u00fdmi a aktu\u00e1lnymi zdrojmi, napr\u00edklad <a href=\"https:\/\/www.who.int\/emergencies\/diseases\/novel-coronavirus-2019\">informa\u010dnou str\u00e1nkou organiz\u00e1cie WHO<\/a>. Taktie\u017e m\u00f4\u017eete sledova\u0165 <a href=\"https:\/\/www.korona.gov.sk\/\">slovensk\u00fa informa\u010dn\u00fa str\u00e1nku<\/a>, \u010di <a href=\"https:\/\/ec.europa.eu\/info\/eu-eea-and-uk_en\">str\u00e1nky in\u00fdch eur\u00f3pskych kraj\u00edn<\/a>, v s\u00favislosti s touto chorobou.<\/p>\n<p>Je tie\u017e potrebn\u00e9 uvedomi\u0165 si, \u017ee na soci\u00e1lnych sie\u0165ach sa zdie\u013eaj\u00fa mnoh\u00e9 \u0161kodliv\u00e9 a nepresn\u00e9 pr\u00edspevky t\u00fdkaj\u00face sa v\u00edrusu. Pri zdie\u013ean\u00ed ak\u00e9hoko\u013evek obsahu na t\u00fdchto kan\u00e1loch, v\u017edy dvakr\u00e1t skontrolujte d\u00f4veryhodnos\u0165 uveden\u00fdch inform\u00e1ci\u00ed.<\/p>\n<p><strong>Ak\u00e9 s\u00fa opatrenia prijat\u00e9 \u010dlensk\u00fdmi \u0161t\u00e1tmi E\u00da? <\/strong><\/p>\n<p>Eur\u00f3pska komisia vytvorila <a href=\"https:\/\/ec.europa.eu\/info\/live-work-travel-eu\/health\/coronavirus-response_en\">nov\u00fa webov\u00fa podstr\u00e1nku<\/a>, kde reaguje na situ\u00e1ciu spojen\u00fa s priebehom ochorenia koronav\u00edrus a poskytuje bli\u017e\u0161ie inform\u00e1cie o \u00fasil\u00ed E\u00da v s\u00favislosti s nov\u00fdm ochoren\u00edm. Konkr\u00e9tne prevent\u00edvne a reakt\u00edvne opatrenia sa v\u0161ak v jednotliv\u00fdch \u010dlensk\u00fdch \u0161t\u00e1toch l\u00ed\u0161ia. Mnoho kraj\u00edn uzavrelo svoje hranice pred cudzincami. Aktualizovan\u00e9 inform\u00e1cie o ka\u017edom \u010dlenskom \u0161t\u00e1te, m\u00f4\u017eete z\u00edska\u0165 na str\u00e1nke Eur\u00f3pskej \u00fanie venovanej reakcii na koronav\u00edrus: <a href=\"https:\/\/ec.europa.eu\/transport\/coronavirus-response_en\">Prepravn\u00e9 opatrenia<\/a>. E\u00da taktie\u017e zriadila str\u00e1nku s cie\u013eom informova\u0165 ob\u010danov o <a href=\"https:\/\/ec.europa.eu\/commission\/presscorner\/detail\/en\/IP_20_485\">pr\u00e1vach cestuj\u00facich<\/a> v \u010dase prepuknutia choroby.<\/p>\n<p><strong>Ak\u00fd vplyv m\u00e1 pand\u00e9mia COVID-19 na ml\u00e1de\u017en\u00edcke iniciat\u00edvy E\u00da?<\/strong><\/p>\n<p>Vo v\u00e4\u010d\u0161ine kraj\u00edn E\u00da existuj\u00fa obmedzenia t\u00fdkaj\u00face sa cestovania, aby sa zabr\u00e1nilo \u0161\u00edreniu v\u00edrusu. To samozrejme plat\u00ed aj pre v\u0161etky ml\u00e1de\u017en\u00edcke iniciat\u00edvy E\u00da. E\u00da preto zru\u0161ila, odlo\u017eila alebo zmenila po\u010det iniciat\u00edv, ktor\u00e9 sa mali uskuto\u010dni\u0165 po\u010das jarn\u00fdch mesiacov. Ni\u017e\u0161ie n\u00e1jdete viac inform\u00e1ci\u00ed o ka\u017edej iniciat\u00edve.<\/p>\n<p>\u00b7 <a href=\"https:\/\/europa.eu\/youth\/discovereu_sk\">DiscoverEU<\/a>: Odlo\u017een\u00e9 a\u017e do odvolania<\/p>\n<p>\u00b7 <a href=\"https:\/\/www.europarl.europa.eu\/european-youth-event\/en\/eye2020\/home.html\">Eur\u00f3pske podujatie European Youth Event<\/a>: Odlo\u017een\u00e9 a\u017e do odvolania<\/p>\n<p>\u00b7 <a href=\"https:\/\/www.iuventa.sk\/sk\/NOVINKY\/predlzuje-sa-2-predkladaci-termin-pre-ziadosti-v-ramci-programov-eu-erasmus-pre-oblast-mladeze--1.alej?ind=\">Eur\u00f3psky zbor solidarity a Erasmus+<\/a>: Pred\u013a\u017eenie predkladac\u00edch term\u00ednov. Jednotlivci by sa mali obr\u00e1ti\u0165 na N\u00e1rodn\u00e9 agent\u00fary.<\/p>\n<p>\u00b7 <a href=\"https:\/\/europa.eu\/youth\/erasmusvirtual_sk\">Erasmus+ Virtual Exchange<\/a>: Projekty st\u00e1le prebiehaj\u00fa<\/p>\n","protected":false},"excerpt":{"rendered":"<p>\u010co je to koronav\u00edrus (COVID-19)? Novoobjaven\u00fd koronav\u00edrus je infek\u010dn\u00e9 ochorenie a choroba, ktor\u00fa sp\u00f4sobuje m\u00e1 n\u00e1zov COVID-19 (z anglick\u00e9ho n\u00e1zvu COrona VIrus DIsease 2019). V\u00e4\u010d\u0161ina \u013eud\u00ed infikovan\u00fdch v\u00edrusom COVID-19 za\u017eije&#8230;<\/p>\n","protected":false},"author":2,"featured_media":1382,"comment_status":"closed","ping_status":"closed","sticky":false,"template":"","format":"standard","meta":{"footnotes":""},"categories":[2],"tags":[],"class_list":["post-1448","post","type-post","status-publish","format-standard","has-post-thumbnail","hentry","category-aktuality"],"translation":{"provider":"WPGlobus","version":"3.0.2","language":"en","enabled_languages":["sk","en"],"languages":{"sk":{"title":true,"content":true,"excerpt":false},"en":{"title":false,"content":false,"excerpt":false}}},"yoast_head":"<!-- This site is optimized with the Yoast SEO plugin v26.9 - https:\/\/yoast.com\/product\/yoast-seo-wordpress\/ -->\n<title>Inform\u00e1cie o COVID-19 - European Solidarity Corps<\/title>\n<meta name=\"robots\" content=\"index, follow, max-snippet:-1, max-image-preview:large, max-video-preview:-1\" \/>\n<link rel=\"canonical\" href=\"https:\/\/zborsolidarity.eu\/informacie-o-covid-19\/\" \/>\n<meta property=\"og:locale\" content=\"en_US\" \/>\n<meta property=\"og:type\" content=\"article\" \/>\n<meta property=\"og:title\" content=\"Inform\u00e1cie o COVID-19 - European Solidarity Corps\" \/>\n<meta property=\"og:url\" content=\"https:\/\/zborsolidarity.eu\/informacie-o-covid-19\/\" \/>\n<meta property=\"og:site_name\" content=\"European Solidarity Corps\" \/>\n<meta property=\"article:published_time\" content=\"2020-03-25T18:22:17+00:00\" \/>\n<meta property=\"article:modified_time\" content=\"2020-11-10T21:50:45+00:00\" \/>\n<meta property=\"og:image\" content=\"https:\/\/zborsolidarity.eu\/wp-content\/uploads\/2019\/11\/skusenost.jpg\" \/>\n\t<meta property=\"og:image:width\" content=\"2000\" \/>\n\t<meta property=\"og:image:height\" content=\"1334\" \/>\n\t<meta property=\"og:image:type\" content=\"image\/jpeg\" \/>\n<meta name=\"author\" content=\"Katar\u00edna K\u0148a\u017e\u00edkov\u00e1\" \/>\n<meta name=\"twitter:card\" content=\"summary_large_image\" \/>\n<meta name=\"twitter:label1\" content=\"Written by\" \/>\n\t<meta name=\"twitter:data1\" content=\"Katar\u00edna K\u0148a\u017e\u00edkov\u00e1\" \/>\n\t<meta name=\"twitter:label2\" content=\"Est. reading time\" \/>\n\t<meta name=\"twitter:data2\" content=\"3 minutes\" \/>\n<script type=\"application\/ld+json\" class=\"yoast-schema-graph\">{\"@context\":\"https:\/\/schema.org\",\"@graph\":[{\"@type\":\"Article\",\"@id\":\"https:\/\/zborsolidarity.eu\/informacie-o-covid-19\/#article\",\"isPartOf\":{\"@id\":\"https:\/\/zborsolidarity.eu\/informacie-o-covid-19\/\"},\"author\":{\"name\":\"Katar\u00edna K\u0148a\u017e\u00edkov\u00e1\",\"@id\":\"https:\/\/zborsolidarity.eu\/#\/schema\/person\/7816ec4348332be7595712478c4213e1\"},\"headline\":\"Inform\u00e1cie o COVID-19\",\"datePublished\":\"2020-03-25T18:22:17+00:00\",\"dateModified\":\"2020-11-10T21:50:45+00:00\",\"mainEntityOfPage\":{\"@id\":\"https:\/\/zborsolidarity.eu\/informacie-o-covid-19\/\"},\"wordCount\":548,\"publisher\":{\"@id\":\"https:\/\/zborsolidarity.eu\/#organization\"},\"image\":{\"@id\":\"https:\/\/zborsolidarity.eu\/informacie-o-covid-19\/#primaryimage\"},\"thumbnailUrl\":\"https:\/\/zborsolidarity.eu\/wp-content\/uploads\/2019\/11\/skusenost.jpg\",\"articleSection\":[\"News\"],\"inLanguage\":\"en-US\"},{\"@type\":\"WebPage\",\"@id\":\"https:\/\/zborsolidarity.eu\/informacie-o-covid-19\/\",\"url\":\"https:\/\/zborsolidarity.eu\/informacie-o-covid-19\/\",\"name\":\"Inform\u00e1cie o COVID-19 - European Solidarity Corps\",\"isPartOf\":{\"@id\":\"https:\/\/zborsolidarity.eu\/#website\"},\"primaryImageOfPage\":{\"@id\":\"https:\/\/zborsolidarity.eu\/informacie-o-covid-19\/#primaryimage\"},\"image\":{\"@id\":\"https:\/\/zborsolidarity.eu\/informacie-o-covid-19\/#primaryimage\"},\"thumbnailUrl\":\"https:\/\/zborsolidarity.eu\/wp-content\/uploads\/2019\/11\/skusenost.jpg\",\"datePublished\":\"2020-03-25T18:22:17+00:00\",\"dateModified\":\"2020-11-10T21:50:45+00:00\",\"breadcrumb\":{\"@id\":\"https:\/\/zborsolidarity.eu\/informacie-o-covid-19\/#breadcrumb\"},\"inLanguage\":\"en-US\",\"potentialAction\":[{\"@type\":\"ReadAction\",\"target\":[\"https:\/\/zborsolidarity.eu\/informacie-o-covid-19\/\"]}]},{\"@type\":\"ImageObject\",\"inLanguage\":\"en-US\",\"@id\":\"https:\/\/zborsolidarity.eu\/informacie-o-covid-19\/#primaryimage\",\"url\":\"https:\/\/zborsolidarity.eu\/wp-content\/uploads\/2019\/11\/skusenost.jpg\",\"contentUrl\":\"https:\/\/zborsolidarity.eu\/wp-content\/uploads\/2019\/11\/skusenost.jpg\",\"width\":2000,\"height\":1334,\"caption\":\"skusenost\"},{\"@type\":\"BreadcrumbList\",\"@id\":\"https:\/\/zborsolidarity.eu\/informacie-o-covid-19\/#breadcrumb\",\"itemListElement\":[{\"@type\":\"ListItem\",\"position\":1,\"name\":\"Domovsk\u00e1 str\u00e1nka\",\"item\":\"https:\/\/zborsolidarity.eu\/\"},{\"@type\":\"ListItem\",\"position\":2,\"name\":\"Inform\u00e1cie o COVID-19\"}]},{\"@type\":\"WebSite\",\"@id\":\"https:\/\/zborsolidarity.eu\/#website\",\"url\":\"https:\/\/zborsolidarity.eu\/\",\"name\":\"European Solidarity Corps\",\"description\":\"\",\"publisher\":{\"@id\":\"https:\/\/zborsolidarity.eu\/#organization\"},\"potentialAction\":[{\"@type\":\"SearchAction\",\"target\":{\"@type\":\"EntryPoint\",\"urlTemplate\":\"https:\/\/zborsolidarity.eu\/?s={search_term_string}\"},\"query-input\":{\"@type\":\"PropertyValueSpecification\",\"valueRequired\":true,\"valueName\":\"search_term_string\"}}],\"inLanguage\":\"en-US\"},{\"@type\":\"Organization\",\"@id\":\"https:\/\/zborsolidarity.eu\/#organization\",\"name\":\"European Solidarity Corps\",\"url\":\"https:\/\/zborsolidarity.eu\/\",\"logo\":{\"@type\":\"ImageObject\",\"inLanguage\":\"en-US\",\"@id\":\"https:\/\/zborsolidarity.eu\/#\/schema\/logo\/image\/\",\"url\":\"https:\/\/zborsolidarity.eu\/wp-content\/uploads\/2020\/10\/zbor_solidarity_logo.png\",\"contentUrl\":\"https:\/\/zborsolidarity.eu\/wp-content\/uploads\/2020\/10\/zbor_solidarity_logo.png\",\"width\":600,\"height\":165,\"caption\":\"European Solidarity Corps\"},\"image\":{\"@id\":\"https:\/\/zborsolidarity.eu\/#\/schema\/logo\/image\/\"}},{\"@type\":\"Person\",\"@id\":\"https:\/\/zborsolidarity.eu\/#\/schema\/person\/7816ec4348332be7595712478c4213e1\",\"name\":\"Katar\u00edna K\u0148a\u017e\u00edkov\u00e1\",\"image\":{\"@type\":\"ImageObject\",\"inLanguage\":\"en-US\",\"@id\":\"https:\/\/zborsolidarity.eu\/#\/schema\/person\/image\/\",\"url\":\"https:\/\/secure.gravatar.com\/avatar\/e1366cdd94b2acbe32bf4281b9d7a062de18d2c883e0d7b3da81f6fb8cbfa19f?s=96&d=mm&r=g\",\"contentUrl\":\"https:\/\/secure.gravatar.com\/avatar\/e1366cdd94b2acbe32bf4281b9d7a062de18d2c883e0d7b3da81f6fb8cbfa19f?s=96&d=mm&r=g\",\"caption\":\"Katar\u00edna K\u0148a\u017e\u00edkov\u00e1\"},\"url\":\"https:\/\/zborsolidarity.eu\/en\/author\/katarina\/\"}]}<\/script>\n<!-- \/ Yoast SEO plugin. -->","yoast_head_json":{"title":"Inform\u00e1cie o COVID-19 - European Solidarity Corps","robots":{"index":"index","follow":"follow","max-snippet":"max-snippet:-1","max-image-preview":"max-image-preview:large","max-video-preview":"max-video-preview:-1"},"canonical":"https:\/\/zborsolidarity.eu\/informacie-o-covid-19\/","og_locale":"en_US","og_type":"article","og_title":"Inform\u00e1cie o COVID-19 - European Solidarity Corps","og_url":"https:\/\/zborsolidarity.eu\/informacie-o-covid-19\/","og_site_name":"European Solidarity Corps","article_published_time":"2020-03-25T18:22:17+00:00","article_modified_time":"2020-11-10T21:50:45+00:00","og_image":[{"width":2000,"height":1334,"url":"https:\/\/zborsolidarity.eu\/wp-content\/uploads\/2019\/11\/skusenost.jpg","type":"image\/jpeg"}],"author":"Katar\u00edna K\u0148a\u017e\u00edkov\u00e1","twitter_card":"summary_large_image","twitter_misc":{"Written by":"Katar\u00edna K\u0148a\u017e\u00edkov\u00e1","Est. reading time":"3 minutes"},"schema":{"@context":"https:\/\/schema.org","@graph":[{"@type":"Article","@id":"https:\/\/zborsolidarity.eu\/informacie-o-covid-19\/#article","isPartOf":{"@id":"https:\/\/zborsolidarity.eu\/informacie-o-covid-19\/"},"author":{"name":"Katar\u00edna K\u0148a\u017e\u00edkov\u00e1","@id":"https:\/\/zborsolidarity.eu\/#\/schema\/person\/7816ec4348332be7595712478c4213e1"},"headline":"Inform\u00e1cie o COVID-19","datePublished":"2020-03-25T18:22:17+00:00","dateModified":"2020-11-10T21:50:45+00:00","mainEntityOfPage":{"@id":"https:\/\/zborsolidarity.eu\/informacie-o-covid-19\/"},"wordCount":548,"publisher":{"@id":"https:\/\/zborsolidarity.eu\/#organization"},"image":{"@id":"https:\/\/zborsolidarity.eu\/informacie-o-covid-19\/#primaryimage"},"thumbnailUrl":"https:\/\/zborsolidarity.eu\/wp-content\/uploads\/2019\/11\/skusenost.jpg","articleSection":["News"],"inLanguage":"en-US"},{"@type":"WebPage","@id":"https:\/\/zborsolidarity.eu\/informacie-o-covid-19\/","url":"https:\/\/zborsolidarity.eu\/informacie-o-covid-19\/","name":"Inform\u00e1cie o COVID-19 - European Solidarity Corps","isPartOf":{"@id":"https:\/\/zborsolidarity.eu\/#website"},"primaryImageOfPage":{"@id":"https:\/\/zborsolidarity.eu\/informacie-o-covid-19\/#primaryimage"},"image":{"@id":"https:\/\/zborsolidarity.eu\/informacie-o-covid-19\/#primaryimage"},"thumbnailUrl":"https:\/\/zborsolidarity.eu\/wp-content\/uploads\/2019\/11\/skusenost.jpg","datePublished":"2020-03-25T18:22:17+00:00","dateModified":"2020-11-10T21:50:45+00:00","breadcrumb":{"@id":"https:\/\/zborsolidarity.eu\/informacie-o-covid-19\/#breadcrumb"},"inLanguage":"en-US","potentialAction":[{"@type":"ReadAction","target":["https:\/\/zborsolidarity.eu\/informacie-o-covid-19\/"]}]},{"@type":"ImageObject","inLanguage":"en-US","@id":"https:\/\/zborsolidarity.eu\/informacie-o-covid-19\/#primaryimage","url":"https:\/\/zborsolidarity.eu\/wp-content\/uploads\/2019\/11\/skusenost.jpg","contentUrl":"https:\/\/zborsolidarity.eu\/wp-content\/uploads\/2019\/11\/skusenost.jpg","width":2000,"height":1334,"caption":"skusenost"},{"@type":"BreadcrumbList","@id":"https:\/\/zborsolidarity.eu\/informacie-o-covid-19\/#breadcrumb","itemListElement":[{"@type":"ListItem","position":1,"name":"Domovsk\u00e1 str\u00e1nka","item":"https:\/\/zborsolidarity.eu\/"},{"@type":"ListItem","position":2,"name":"Inform\u00e1cie o COVID-19"}]},{"@type":"WebSite","@id":"https:\/\/zborsolidarity.eu\/#website","url":"https:\/\/zborsolidarity.eu\/","name":"European Solidarity Corps","description":"","publisher":{"@id":"https:\/\/zborsolidarity.eu\/#organization"},"potentialAction":[{"@type":"SearchAction","target":{"@type":"EntryPoint","urlTemplate":"https:\/\/zborsolidarity.eu\/?s={search_term_string}"},"query-input":{"@type":"PropertyValueSpecification","valueRequired":true,"valueName":"search_term_string"}}],"inLanguage":"en-US"},{"@type":"Organization","@id":"https:\/\/zborsolidarity.eu\/#organization","name":"European Solidarity Corps","url":"https:\/\/zborsolidarity.eu\/","logo":{"@type":"ImageObject","inLanguage":"en-US","@id":"https:\/\/zborsolidarity.eu\/#\/schema\/logo\/image\/","url":"https:\/\/zborsolidarity.eu\/wp-content\/uploads\/2020\/10\/zbor_solidarity_logo.png","contentUrl":"https:\/\/zborsolidarity.eu\/wp-content\/uploads\/2020\/10\/zbor_solidarity_logo.png","width":600,"height":165,"caption":"European Solidarity Corps"},"image":{"@id":"https:\/\/zborsolidarity.eu\/#\/schema\/logo\/image\/"}},{"@type":"Person","@id":"https:\/\/zborsolidarity.eu\/#\/schema\/person\/7816ec4348332be7595712478c4213e1","name":"Katar\u00edna K\u0148a\u017e\u00edkov\u00e1","image":{"@type":"ImageObject","inLanguage":"en-US","@id":"https:\/\/zborsolidarity.eu\/#\/schema\/person\/image\/","url":"https:\/\/secure.gravatar.com\/avatar\/e1366cdd94b2acbe32bf4281b9d7a062de18d2c883e0d7b3da81f6fb8cbfa19f?s=96&d=mm&r=g","contentUrl":"https:\/\/secure.gravatar.com\/avatar\/e1366cdd94b2acbe32bf4281b9d7a062de18d2c883e0d7b3da81f6fb8cbfa19f?s=96&d=mm&r=g","caption":"Katar\u00edna K\u0148a\u017e\u00edkov\u00e1"},"url":"https:\/\/zborsolidarity.eu\/en\/author\/katarina\/"}]}},"_links":{"self":[{"href":"https:\/\/zborsolidarity.eu\/en\/wp-json\/wp\/v2\/posts\/1448","targetHints":{"allow":["GET"]}}],"collection":[{"href":"https:\/\/zborsolidarity.eu\/en\/wp-json\/wp\/v2\/posts"}],"about":[{"href":"https:\/\/zborsolidarity.eu\/en\/wp-json\/wp\/v2\/types\/post"}],"author":[{"embeddable":true,"href":"https:\/\/zborsolidarity.eu\/en\/wp-json\/wp\/v2\/users\/2"}],"replies":[{"embeddable":true,"href":"https:\/\/zborsolidarity.eu\/en\/wp-json\/wp\/v2\/comments?post=1448"}],"version-history":[{"count":0,"href":"https:\/\/zborsolidarity.eu\/en\/wp-json\/wp\/v2\/posts\/1448\/revisions"}],"wp:featuredmedia":[{"embeddable":true,"href":"https:\/\/zborsolidarity.eu\/en\/wp-json\/wp\/v2\/media\/1382"}],"wp:attachment":[{"href":"https:\/\/zborsolidarity.eu\/en\/wp-json\/wp\/v2\/media?parent=1448"}],"wp:term":[{"taxonomy":"category","embeddable":true,"href":"https:\/\/zborsolidarity.eu\/en\/wp-json\/wp\/v2\/categories?post=1448"},{"taxonomy":"post_tag","embeddable":true,"href":"https:\/\/zborsolidarity.eu\/en\/wp-json\/wp\/v2\/tags?post=1448"}],"curies":[{"name":"wp","href":"https:\/\/api.w.org\/{rel}","templated":true}]}}