{"id":3209,"date":"2022-06-20T13:54:11","date_gmt":"2022-06-20T13:54:11","guid":{"rendered":"https:\/\/zborsolidarity.eu\/?p=3209"},"modified":"2022-06-20T13:55:07","modified_gmt":"2022-06-20T13:55:07","slug":"rozbieha-sa-sutaz-o-cenu-ehsv-pre-obciansku-spolocnost-2022-zamerana-na-dve-temy-mladez-a-ukrajinu","status":"publish","type":"post","link":"https:\/\/zborsolidarity.eu\/en\/rozbieha-sa-sutaz-o-cenu-ehsv-pre-obciansku-spolocnost-2022-zamerana-na-dve-temy-mladez-a-ukrajinu\/","title":{"rendered":"Rozbieha sa s\u00fa\u0165a\u017e o Cenu EHSV pre ob\u010diansku spolo\u010dnos\u0165 2022 zameran\u00e1 na dve t\u00e9my: ml\u00e1de\u017e a Ukrajinu"},"content":{"rendered":"\n<p><strong>Vytvori\u0165 lep\u0161iu bud\u00facnos\u0165 pre mlad\u00fdch \u013eud\u00ed a&nbsp;pom\u00f4c\u0165 vojnov\u00fdm obetiam z&nbsp;Ukrajiny, to s\u00fa dve t\u00e9my tohtoro\u010dnej Ceny EHSV pre ob\u010diansku spolo\u010dnos\u0165<\/strong><\/p>\n\n\n\n<p>Eur\u00f3psky hospod\u00e1rsky a&nbsp;soci\u00e1lny v\u00fdbor (EHSV) u\u017e prij\u00edma prihl\u00e1\u0161ky uch\u00e1dza\u010dov o&nbsp;Cenu pre ob\u010diansku spolo\u010dnos\u0165 za rok 2022, ktorou odmen\u00ed inovat\u00edvne a&nbsp;tvoriv\u00e9 projekty a&nbsp;iniciat\u00edvy v&nbsp;dvoch kateg\u00f3ri\u00e1ch: posilnenie postavenia mlad\u00fdch \u013eud\u00ed a&nbsp;pomoc ukrajinsk\u00fdm civilistom, ktor\u00ed musia zn\u00e1\u0161a\u0165 d\u00f4sledky ni\u010divej vojny v&nbsp;ich krajine.<\/p>\n\n\n\n<p>Celkov\u00e1 suma <strong>60&nbsp;000&nbsp;EUR<\/strong> bude udelen\u00e1 najviac \u0161iestim v\u00ed\u0165azom, t. j. trom za ka\u017ed\u00fa kateg\u00f3riu. Sl\u00e1vnostn\u00e9 odovzd\u00e1vanie cien sa uskuto\u010dn\u00ed na plen\u00e1rnom zasadnut\u00ed EHSV 14.&nbsp;a&nbsp;15.&nbsp;decembra 2022.<\/p>\n\n\n\n<p><strong>Prihl\u00e1\u0161ky je mo\u017en\u00e9 pod\u00e1va\u0165 do 31.&nbsp;j\u00fala 2022, 10.00&nbsp;hod. (bruselsk\u00e9ho \u010dasu).<\/strong><\/p>\n\n\n\n<p>Mus\u00ed \u00eds\u0165 o&nbsp;iniciat\u00edvy, ktor\u00e9 sa u\u017e uskuto\u010dnili alebo e\u0161te st\u00e1le prebiehaj\u00fa. Pl\u00e1novan\u00e9 iniciat\u00edvy, ktor\u00e9 sa neza\u010dn\u00fa realizova\u0165 do 31.&nbsp;j\u00fala 2022, bud\u00fa zo s\u00fa\u0165a\u017ee vyl\u00fa\u010den\u00e9.<\/p>\n\n\n\n<p>O cenu sa m\u00f4\u017eu uch\u00e1dza\u0165 v\u0161etky organiz\u00e1cie ob\u010dianskej spolo\u010dnosti, jednotlivci aj s\u00fakromn\u00e9 podniky, ktor\u00e9 realizuj\u00fa neziskov\u00e9 projekty. Organiz\u00e1cie a&nbsp;podniky musia by\u0165 ofici\u00e1lne zaregistrovan\u00e9 v&nbsp;E\u00da a&nbsp;jednotlivci musia by\u0165 ob\u010danmi E\u00da alebo \u0161t\u00e1tnymi pr\u00edslu\u0161n\u00edkmi tret\u00edch kraj\u00edn s&nbsp;pobytom v&nbsp;E\u00da.<\/p>\n\n\n\n<p>V\u0161etky iniciat\u00edvy a&nbsp;projekty sa musia realizova\u0165 v&nbsp;E\u00da s&nbsp;v\u00fdnimkou projektov v&nbsp;kateg\u00f3rii 2 (Eur\u00f3pska ob\u010dianska spolo\u010dnos\u0165 za Ukrajinu), ktor\u00e9 m\u00f4\u017eu prebieha\u0165 aj na Ukrajine.<\/p>\n\n\n\n<p>\u00dapln\u00fd popis po\u017eiadaviek a&nbsp;<a href=\"https:\/\/ec.europa.eu\/eusurvey\/runner\/CivilSocietyPrize2022\">online prihlasovac\u00ed formul\u00e1r<\/a> s\u00fa k&nbsp;dispoz\u00edcii na na\u0161ej <a href=\"https:\/\/www.eesc.europa.eu\/en\/civilsocietyprize\">internetovej str\u00e1nke<\/a>.<\/p>\n\n\n\n<p>Cie\u013eom prest\u00ed\u017enej Ceny EHSV pre ob\u010diansku spolo\u010dnos\u0165 je zvy\u0161ova\u0165 povedomie o&nbsp;v\u00fdnimo\u010dnom pr\u00edspevku ob\u010dianskej spolo\u010dnosti k&nbsp;vytv\u00e1raniu eur\u00f3pskej identity a&nbsp;ob\u010dianstva a&nbsp;k&nbsp;podpore spolo\u010dn\u00fdch hodn\u00f4t, ktor\u00e9 posil\u0148uj\u00fa eur\u00f3psku integr\u00e1ciu.<\/p>\n\n\n\n<p>Aktu\u00e1lny trin\u00e1sty ro\u010dn\u00edk ocenenia sa pod\u013ea vzoru uplynul\u00fdch rokov zameriava na t\u00e9mu, ktor\u00e1 je pre E\u00da v\u00a0dan\u00fd rok obzvl\u00e1\u0161\u0165 d\u00f4le\u017eit\u00e1.<\/p>\n\n\n\n<p><\/p>\n\n\n\n<p><strong>KATEG\u00d3RIA 1: ML\u00c1DE\u017d, TO JE NA\u0160A BUD\u00daCNOS\u0164, ALE AJ PR\u00cdTOMNOS\u0164<\/strong><\/p>\n\n\n\n<p>T\u00e9mou kateg\u00f3rie 1 je <strong>Posilnenie postavenia mlad\u00fdch \u013eud\u00ed<\/strong>.<\/p>\n\n\n\n<p>V r\u00e1mci Eur\u00f3pskeho roka ml\u00e1de\u017ee by chcel EHSV vyzdvihn\u00fa\u0165 ve\u013ek\u00fd v\u00fdznam zmyslupln\u00e9ho zapojenia mlad\u00fdch \u013eud\u00ed a&nbsp;ml\u00e1de\u017en\u00edckych organiz\u00e1ci\u00ed do postupov rozhodovania v&nbsp;snahe zabezpe\u010di\u0165 stabilitu a&nbsp;odolnos\u0165 eur\u00f3pskej demokracie.<\/p>\n\n\n\n<p>Vytvoren\u00edm tejto kateg\u00f3rie chce EHSV zd\u00f4razni\u0165, \u017ee mlad\u00ed \u013eudia v\u00fdraznou mierou prispievaj\u00fa k&nbsp;formovaniu bud\u00facnosti Eur\u00f3py a&nbsp;\u017ee je naliehavo potrebn\u00e9 poskytn\u00fa\u0165 im pr\u00edle\u017eitos\u0165 sta\u0165 sa akt\u00edvnymi ob\u010danmi a&nbsp;akt\u00e9rmi pozit\u00edvnych zmien v&nbsp;hospod\u00e1rstve a&nbsp;spolo\u010dnosti. E\u0161te d\u00f4le\u017eitej\u0161ie je upozorni\u0165 na to pr\u00e1ve teraz, ke\u010f mlad\u00ed \u013eudia z\u00e1pasia s&nbsp;hospod\u00e1rskymi a&nbsp;spolo\u010densk\u00fdmi d\u00f4sledkami pand\u00e9mie COVID-19, ktor\u00e9 ich ne\u00famerne \u0165a\u017eko zasiahli.<\/p>\n\n\n\n<p>EHSV preto vyberie v\u00ed\u0165azov spomedzi projektov, ktor\u00fdch cie\u013eom je vytvori\u0165 lep\u0161iu bud\u00facnos\u0165 pre mlad\u00fdch \u013eud\u00ed v&nbsp;Eur\u00f3pe a&nbsp;spolu s&nbsp;nimi. Tieto projekty by mali pom\u00e1ha\u0165 nap\u013a\u0148a\u0165 osobitn\u00e9 potreby mlad\u00fdch Eur\u00f3panov a&nbsp;posil\u0148ova\u0165 ich postavenie a&nbsp;\u00fa\u010das\u0165 na hospod\u00e1rskom a&nbsp;spolo\u010denskom \u017eivote.<\/p>\n\n\n\n<p>Do s\u00fa\u0165a\u017ee bud\u00fa prijat\u00e9, ak sa t\u00fdkaj\u00fa aspo\u0148 jednej z\u00a0t\u00fdchto oblast\u00ed: zamestnanos\u0165 a\u00a0pr\u00edstup na trh pr\u00e1ce vr\u00e1tane podnikania; vzdel\u00e1vanie a\u00a0odborn\u00e1 pr\u00edprava; zdravie a\u00a0dobr\u00e9 \u017eivotn\u00e9 podmienky, najm\u00e4 v\u00a0d\u00f4sledku pand\u00e9mie COVID-19; \u00fa\u010das\u0165 na politick\u00fdch postupoch vr\u00e1tane oblast\u00ed, ako s\u00fa zmena kl\u00edmy a\u00a0nov\u00e9 technol\u00f3gie; posilnenie postavenia zranite\u013en\u00fdch skup\u00edn; budovanie kapac\u00edt mlad\u00fdch multiplik\u00e1torov.<\/p>\n\n\n\n<p><\/p>\n\n\n\n<p><strong>KATEG\u00d3RIA 2: SPOLO\u010cNE ZA UKRAJINU<\/strong><\/p>\n\n\n\n<p>T\u00e9mou kateg\u00f3rie 2 je <strong>Eur\u00f3pska ob\u010dianska spolo\u010dnos\u0165 za Ukrajinu<\/strong>. Odmenen\u00e9 bud\u00fa \u00fa\u010dinn\u00e9, inovat\u00edvne a&nbsp;tvoriv\u00e9 iniciat\u00edvy s&nbsp;cie\u013eom pom\u00f4c\u0165 civiln\u00e9mu obyvate\u013estvu, ktor\u00e9 mus\u00ed zn\u00e1\u0161a\u0165 \u0165a\u017ek\u00e9 d\u00f4sledky vojny.<\/p>\n\n\n\n<p>Jednou zo s\u00fa\u010dasn\u00fdch prior\u00edt EHSV je chr\u00e1ni\u0165 \u013eud\u00ed na Ukrajine. EHSV taktie\u017e trv\u00e1 na tom, \u017ee v\u0161etk\u00fdm ute\u010dencom sa mus\u00ed zabezpe\u010di\u0165 primeran\u00e1 a&nbsp;v\u010dasn\u00e1 ochrana. Organizovan\u00e1 ob\u010dianska spolo\u010dnos\u0165 u\u017e uk\u00e1zala, \u017ee v&nbsp;tejto s\u00favislosti zohr\u00e1va k\u013e\u00fa\u010dov\u00fa \u00falohu. V&nbsp;mnoh\u00fdch krajin\u00e1ch sa okam\u017eite zmobilizovala a&nbsp;spolupracuje so zodpovedn\u00fdmi org\u00e1nmi v&nbsp;snahe pom\u00f4c\u0165 \u013eu\u010fom na Ukrajine aj Ukrajincom, ktor\u00ed u\u0161li do in\u00fdch kraj\u00edn.<\/p>\n\n\n\n<p>\u010clenovia EHSV poci\u0165uj\u00fa hlbok\u00fd z\u00e1rmutok nad v\u0161etk\u00fdmi obe\u0165ami tejto agresie, nad ni\u010den\u00edm ukrajinsk\u00fdch miest a&nbsp;infra\u0161trukt\u00fary, ako aj nad nevy\u010d\u00edslite\u013en\u00fdm \u013eudsk\u00fdm utrpen\u00edm a&nbsp;\u0161kodami na \u017eivotnom prostred\u00ed. EHSV by chcel svojou cenou vzda\u0165 hold v\u0161etk\u00fdm t\u00fdm, ktor\u00ed akt\u00edvne pracuj\u00fa v&nbsp;ter\u00e9ne a&nbsp;ka\u017edodenne poskytuj\u00fa humanit\u00e1rnu pomoc Ukrajincom, ako aj t\u00fdm, ktor\u00ed pom\u00e1haj\u00fa ute\u010dencom po pr\u00edchode aj po\u010das ich za\u010dlenenia do eur\u00f3pskej spolo\u010dnosti.<\/p>\n\n\n\n<p>Cenu m\u00f4\u017eu z\u00edska\u0165 projekty zameran\u00e9 na \u0161irok\u00fa \u0161k\u00e1lu oblast\u00ed: poskytovanie humanit\u00e1rnej pomoci, ubytovania \u010di pomoci v&nbsp;n\u00fadzi; poskytovanie soci\u00e1lnej, psychologickej alebo administrat\u00edvnej podpory; pomoc ukrajinsk\u00fdm ute\u010dencom s&nbsp;integr\u00e1ciou v&nbsp;hostite\u013esk\u00fdch krajin\u00e1ch, o. i. poskytovan\u00edm jazykov\u00fdch kurzov alebo pomoci pri h\u013eadan\u00ed zamestnania; pomoc zranite\u013en\u00fdm osob\u00e1m; boj proti dezinform\u00e1ci\u00e1m o&nbsp;vojne na Ukrajine at\u010f.<\/p>\n\n\n\n<p>Podrobnej\u0161\u00ed <a href=\"https:\/\/www.eesc.europa.eu\/sites\/default\/files\/files\/eesc-2022-02282-14-00-nb-tra-sk.pdf\">zoznam<\/a> t\u00e9m, na ktor\u00e9 m\u00f4\u017eu by\u0165 projekty v\u00a0oboch kateg\u00f3ri\u00e1ch zameran\u00e9, je k\u00a0dispoz\u00edcii na pr\u00edslu\u0161nej <a href=\"https:\/\/www.eesc.europa.eu\/en\/civilsocietyprize\">internetovej str\u00e1nke<\/a> EHSV.<\/p>\n\n\n\n<p><\/p>\n\n\n\n<p><strong>PREDCH\u00c1DZAJ\u00daCE RO\u010cN\u00cdKY CENY PRE OB\u010cIANSKU SPOLO\u010cNOS\u0164<\/strong><\/p>\n\n\n\n<p>V roku 2021 boli ocenen\u00e9 projekty v&nbsp;oblasti kl\u00edmy podporuj\u00face spravodliv\u00fa transform\u00e1ciu. V&nbsp;roku 2020 EHSV svoju Cenu pre ob\u010diansku spolo\u010dnos\u0165 v\u00fdnimo\u010dne nahradil Cenou za ob\u010diansku solidaritu, ktor\u00e1 bola venovan\u00e1 boju proti pand\u00e9mii COVID-19. \u010eal\u0161\u00edmi t\u00e9mami predch\u00e1dzaj\u00facich ro\u010dn\u00edkov boli rodov\u00e1 rovnos\u0165 a&nbsp;posilnenie postavenia \u017eien, eur\u00f3pska identita a&nbsp;kult\u00farne dedi\u010dstvo a&nbsp;migr\u00e1cia.<\/p>\n\n\n\n<p>Bolo by dobr\u00e9, keby ste aj Vy podnecovali organiz\u00e1cie ob\u010dianskej spolo\u010dnosti vo svojej krajine, aby sa prihl\u00e1sili do s\u00fa\u0165a\u017ee o&nbsp;Cenu EHSV pre ob\u010diansku spolo\u010dnos\u0165 2022, a&nbsp;t\u00fdm pomohli cenn\u00fdm projektom z\u00edska\u0165 uznanie.<\/p>\n\n\n\n<p class=\"has-text-align-center\"><strong>Bli\u017e\u0161ie inform\u00e1cie V\u00e1m poskytne:<\/strong><\/p>\n\n\n\n<p class=\"has-text-align-center\">Tla\u010dov\u00e9 oddelenie EHSV \u2013 Laura Lui<br>Tel.: +32 25469189<\/p>\n\n\n\n<p class=\"has-text-align-center\"><a href=\"mailto:laurairena.lui@eesc.europa.eu\">laurairena.lui@eesc.europa.eu<\/a><\/p>\n\n\n\n<p class=\"has-text-align-center\"><strong>@EESC_PRESS<\/strong><\/p>\n","protected":false},"excerpt":{"rendered":"<p>Vytvori\u0165 lep\u0161iu bud\u00facnos\u0165 pre mlad\u00fdch \u013eud\u00ed a&nbsp;pom\u00f4c\u0165 vojnov\u00fdm obetiam z&nbsp;Ukrajiny, to s\u00fa dve t\u00e9my tohtoro\u010dnej Ceny EHSV pre ob\u010diansku spolo\u010dnos\u0165 Eur\u00f3psky hospod\u00e1rsky a&nbsp;soci\u00e1lny v\u00fdbor (EHSV) u\u017e prij\u00edma prihl\u00e1\u0161ky uch\u00e1dza\u010dov o&nbsp;Cenu&#8230;<\/p>\n","protected":false},"author":3,"featured_media":3210,"comment_status":"closed","ping_status":"closed","sticky":false,"template":"","format":"standard","meta":{"footnotes":""},"categories":[2],"tags":[],"class_list":["post-3209","post","type-post","status-publish","format-standard","has-post-thumbnail","hentry","category-aktuality"],"translation":{"provider":"WPGlobus","version":"3.0.2","language":"en","enabled_languages":["sk","en"],"languages":{"sk":{"title":true,"content":true,"excerpt":false},"en":{"title":false,"content":false,"excerpt":false}}},"yoast_head":"<!-- This site is optimized with the Yoast SEO plugin v26.9 - https:\/\/yoast.com\/product\/yoast-seo-wordpress\/ -->\n<title>Rozbieha sa s\u00fa\u0165a\u017e o Cenu EHSV pre ob\u010diansku spolo\u010dnos\u0165 2022 zameran\u00e1 na dve t\u00e9my: ml\u00e1de\u017e a Ukrajinu - European Solidarity Corps<\/title>\n<meta name=\"robots\" content=\"index, follow, max-snippet:-1, max-image-preview:large, max-video-preview:-1\" \/>\n<link rel=\"canonical\" href=\"https:\/\/zborsolidarity.eu\/rozbieha-sa-sutaz-o-cenu-ehsv-pre-obciansku-spolocnost-2022-zamerana-na-dve-temy-mladez-a-ukrajinu\/\" \/>\n<meta property=\"og:locale\" content=\"en_US\" \/>\n<meta property=\"og:type\" content=\"article\" \/>\n<meta property=\"og:title\" content=\"Rozbieha sa s\u00fa\u0165a\u017e o Cenu EHSV pre ob\u010diansku spolo\u010dnos\u0165 2022 zameran\u00e1 na dve t\u00e9my: ml\u00e1de\u017e a Ukrajinu - European Solidarity Corps\" \/>\n<meta property=\"og:url\" content=\"https:\/\/zborsolidarity.eu\/rozbieha-sa-sutaz-o-cenu-ehsv-pre-obciansku-spolocnost-2022-zamerana-na-dve-temy-mladez-a-ukrajinu\/\" \/>\n<meta property=\"og:site_name\" content=\"European Solidarity Corps\" \/>\n<meta property=\"article:published_time\" content=\"2022-06-20T13:54:11+00:00\" \/>\n<meta property=\"article:modified_time\" content=\"2022-06-20T13:55:07+00:00\" \/>\n<meta property=\"og:image\" content=\"https:\/\/zborsolidarity.eu\/wp-content\/uploads\/2022\/06\/22_180-1200x628-FBad-SK.jpg\" \/>\n\t<meta property=\"og:image:width\" content=\"1200\" \/>\n\t<meta property=\"og:image:height\" content=\"628\" \/>\n\t<meta property=\"og:image:type\" content=\"image\/jpeg\" \/>\n<meta name=\"author\" content=\"Laura Beluskova\" \/>\n<meta name=\"twitter:card\" content=\"summary_large_image\" \/>\n<meta name=\"twitter:label1\" content=\"Written by\" \/>\n\t<meta name=\"twitter:data1\" content=\"Laura Beluskova\" \/>\n\t<meta name=\"twitter:label2\" content=\"Est. reading time\" \/>\n\t<meta name=\"twitter:data2\" content=\"4 minutes\" \/>\n<script type=\"application\/ld+json\" class=\"yoast-schema-graph\">{\"@context\":\"https:\/\/schema.org\",\"@graph\":[{\"@type\":\"Article\",\"@id\":\"https:\/\/zborsolidarity.eu\/rozbieha-sa-sutaz-o-cenu-ehsv-pre-obciansku-spolocnost-2022-zamerana-na-dve-temy-mladez-a-ukrajinu\/#article\",\"isPartOf\":{\"@id\":\"https:\/\/zborsolidarity.eu\/rozbieha-sa-sutaz-o-cenu-ehsv-pre-obciansku-spolocnost-2022-zamerana-na-dve-temy-mladez-a-ukrajinu\/\"},\"author\":{\"name\":\"Laura Beluskova\",\"@id\":\"https:\/\/zborsolidarity.eu\/#\/schema\/person\/65922a538535f5699f67c84bd6813ddb\"},\"headline\":\"Rozbieha sa s\u00fa\u0165a\u017e o Cenu EHSV pre ob\u010diansku spolo\u010dnos\u0165 2022 zameran\u00e1 na dve t\u00e9my: ml\u00e1de\u017e a Ukrajinu\",\"datePublished\":\"2022-06-20T13:54:11+00:00\",\"dateModified\":\"2022-06-20T13:55:07+00:00\",\"mainEntityOfPage\":{\"@id\":\"https:\/\/zborsolidarity.eu\/rozbieha-sa-sutaz-o-cenu-ehsv-pre-obciansku-spolocnost-2022-zamerana-na-dve-temy-mladez-a-ukrajinu\/\"},\"wordCount\":1212,\"publisher\":{\"@id\":\"https:\/\/zborsolidarity.eu\/#organization\"},\"image\":{\"@id\":\"https:\/\/zborsolidarity.eu\/rozbieha-sa-sutaz-o-cenu-ehsv-pre-obciansku-spolocnost-2022-zamerana-na-dve-temy-mladez-a-ukrajinu\/#primaryimage\"},\"thumbnailUrl\":\"https:\/\/zborsolidarity.eu\/wp-content\/uploads\/2022\/06\/22_180-1200x628-FBad-SK.jpg\",\"articleSection\":[\"News\"],\"inLanguage\":\"en-US\"},{\"@type\":\"WebPage\",\"@id\":\"https:\/\/zborsolidarity.eu\/rozbieha-sa-sutaz-o-cenu-ehsv-pre-obciansku-spolocnost-2022-zamerana-na-dve-temy-mladez-a-ukrajinu\/\",\"url\":\"https:\/\/zborsolidarity.eu\/rozbieha-sa-sutaz-o-cenu-ehsv-pre-obciansku-spolocnost-2022-zamerana-na-dve-temy-mladez-a-ukrajinu\/\",\"name\":\"Rozbieha sa s\u00fa\u0165a\u017e o Cenu EHSV pre ob\u010diansku spolo\u010dnos\u0165 2022 zameran\u00e1 na dve t\u00e9my: ml\u00e1de\u017e a Ukrajinu - European Solidarity Corps\",\"isPartOf\":{\"@id\":\"https:\/\/zborsolidarity.eu\/#website\"},\"primaryImageOfPage\":{\"@id\":\"https:\/\/zborsolidarity.eu\/rozbieha-sa-sutaz-o-cenu-ehsv-pre-obciansku-spolocnost-2022-zamerana-na-dve-temy-mladez-a-ukrajinu\/#primaryimage\"},\"image\":{\"@id\":\"https:\/\/zborsolidarity.eu\/rozbieha-sa-sutaz-o-cenu-ehsv-pre-obciansku-spolocnost-2022-zamerana-na-dve-temy-mladez-a-ukrajinu\/#primaryimage\"},\"thumbnailUrl\":\"https:\/\/zborsolidarity.eu\/wp-content\/uploads\/2022\/06\/22_180-1200x628-FBad-SK.jpg\",\"datePublished\":\"2022-06-20T13:54:11+00:00\",\"dateModified\":\"2022-06-20T13:55:07+00:00\",\"breadcrumb\":{\"@id\":\"https:\/\/zborsolidarity.eu\/rozbieha-sa-sutaz-o-cenu-ehsv-pre-obciansku-spolocnost-2022-zamerana-na-dve-temy-mladez-a-ukrajinu\/#breadcrumb\"},\"inLanguage\":\"en-US\",\"potentialAction\":[{\"@type\":\"ReadAction\",\"target\":[\"https:\/\/zborsolidarity.eu\/rozbieha-sa-sutaz-o-cenu-ehsv-pre-obciansku-spolocnost-2022-zamerana-na-dve-temy-mladez-a-ukrajinu\/\"]}]},{\"@type\":\"ImageObject\",\"inLanguage\":\"en-US\",\"@id\":\"https:\/\/zborsolidarity.eu\/rozbieha-sa-sutaz-o-cenu-ehsv-pre-obciansku-spolocnost-2022-zamerana-na-dve-temy-mladez-a-ukrajinu\/#primaryimage\",\"url\":\"https:\/\/zborsolidarity.eu\/wp-content\/uploads\/2022\/06\/22_180-1200x628-FBad-SK.jpg\",\"contentUrl\":\"https:\/\/zborsolidarity.eu\/wp-content\/uploads\/2022\/06\/22_180-1200x628-FBad-SK.jpg\",\"width\":1200,\"height\":628},{\"@type\":\"BreadcrumbList\",\"@id\":\"https:\/\/zborsolidarity.eu\/rozbieha-sa-sutaz-o-cenu-ehsv-pre-obciansku-spolocnost-2022-zamerana-na-dve-temy-mladez-a-ukrajinu\/#breadcrumb\",\"itemListElement\":[{\"@type\":\"ListItem\",\"position\":1,\"name\":\"Domovsk\u00e1 str\u00e1nka\",\"item\":\"https:\/\/zborsolidarity.eu\/\"},{\"@type\":\"ListItem\",\"position\":2,\"name\":\"Rozbieha sa s\u00fa\u0165a\u017e o Cenu EHSV pre ob\u010diansku spolo\u010dnos\u0165 2022 zameran\u00e1 na dve t\u00e9my: ml\u00e1de\u017e a Ukrajinu\"}]},{\"@type\":\"WebSite\",\"@id\":\"https:\/\/zborsolidarity.eu\/#website\",\"url\":\"https:\/\/zborsolidarity.eu\/\",\"name\":\"European Solidarity Corps\",\"description\":\"\",\"publisher\":{\"@id\":\"https:\/\/zborsolidarity.eu\/#organization\"},\"potentialAction\":[{\"@type\":\"SearchAction\",\"target\":{\"@type\":\"EntryPoint\",\"urlTemplate\":\"https:\/\/zborsolidarity.eu\/?s={search_term_string}\"},\"query-input\":{\"@type\":\"PropertyValueSpecification\",\"valueRequired\":true,\"valueName\":\"search_term_string\"}}],\"inLanguage\":\"en-US\"},{\"@type\":\"Organization\",\"@id\":\"https:\/\/zborsolidarity.eu\/#organization\",\"name\":\"European Solidarity Corps\",\"url\":\"https:\/\/zborsolidarity.eu\/\",\"logo\":{\"@type\":\"ImageObject\",\"inLanguage\":\"en-US\",\"@id\":\"https:\/\/zborsolidarity.eu\/#\/schema\/logo\/image\/\",\"url\":\"https:\/\/zborsolidarity.eu\/wp-content\/uploads\/2020\/10\/zbor_solidarity_logo.png\",\"contentUrl\":\"https:\/\/zborsolidarity.eu\/wp-content\/uploads\/2020\/10\/zbor_solidarity_logo.png\",\"width\":600,\"height\":165,\"caption\":\"European Solidarity Corps\"},\"image\":{\"@id\":\"https:\/\/zborsolidarity.eu\/#\/schema\/logo\/image\/\"}},{\"@type\":\"Person\",\"@id\":\"https:\/\/zborsolidarity.eu\/#\/schema\/person\/65922a538535f5699f67c84bd6813ddb\",\"name\":\"Laura Beluskova\",\"image\":{\"@type\":\"ImageObject\",\"inLanguage\":\"en-US\",\"@id\":\"https:\/\/zborsolidarity.eu\/#\/schema\/person\/image\/\",\"url\":\"https:\/\/secure.gravatar.com\/avatar\/5ced65cda5aa6c52a9492cbd9a12511a78d48139071899e79a597c7e65e6c4bf?s=96&d=mm&r=g\",\"contentUrl\":\"https:\/\/secure.gravatar.com\/avatar\/5ced65cda5aa6c52a9492cbd9a12511a78d48139071899e79a597c7e65e6c4bf?s=96&d=mm&r=g\",\"caption\":\"Laura Beluskova\"},\"url\":\"https:\/\/zborsolidarity.eu\/en\/author\/matus-zibala\/\"}]}<\/script>\n<!-- \/ Yoast SEO plugin. -->","yoast_head_json":{"title":"Rozbieha sa s\u00fa\u0165a\u017e o Cenu EHSV pre ob\u010diansku spolo\u010dnos\u0165 2022 zameran\u00e1 na dve t\u00e9my: ml\u00e1de\u017e a Ukrajinu - European Solidarity Corps","robots":{"index":"index","follow":"follow","max-snippet":"max-snippet:-1","max-image-preview":"max-image-preview:large","max-video-preview":"max-video-preview:-1"},"canonical":"https:\/\/zborsolidarity.eu\/rozbieha-sa-sutaz-o-cenu-ehsv-pre-obciansku-spolocnost-2022-zamerana-na-dve-temy-mladez-a-ukrajinu\/","og_locale":"en_US","og_type":"article","og_title":"Rozbieha sa s\u00fa\u0165a\u017e o Cenu EHSV pre ob\u010diansku spolo\u010dnos\u0165 2022 zameran\u00e1 na dve t\u00e9my: ml\u00e1de\u017e a Ukrajinu - European Solidarity Corps","og_url":"https:\/\/zborsolidarity.eu\/rozbieha-sa-sutaz-o-cenu-ehsv-pre-obciansku-spolocnost-2022-zamerana-na-dve-temy-mladez-a-ukrajinu\/","og_site_name":"European Solidarity Corps","article_published_time":"2022-06-20T13:54:11+00:00","article_modified_time":"2022-06-20T13:55:07+00:00","og_image":[{"width":1200,"height":628,"url":"https:\/\/zborsolidarity.eu\/wp-content\/uploads\/2022\/06\/22_180-1200x628-FBad-SK.jpg","type":"image\/jpeg"}],"author":"Laura Beluskova","twitter_card":"summary_large_image","twitter_misc":{"Written by":"Laura Beluskova","Est. reading time":"4 minutes"},"schema":{"@context":"https:\/\/schema.org","@graph":[{"@type":"Article","@id":"https:\/\/zborsolidarity.eu\/rozbieha-sa-sutaz-o-cenu-ehsv-pre-obciansku-spolocnost-2022-zamerana-na-dve-temy-mladez-a-ukrajinu\/#article","isPartOf":{"@id":"https:\/\/zborsolidarity.eu\/rozbieha-sa-sutaz-o-cenu-ehsv-pre-obciansku-spolocnost-2022-zamerana-na-dve-temy-mladez-a-ukrajinu\/"},"author":{"name":"Laura Beluskova","@id":"https:\/\/zborsolidarity.eu\/#\/schema\/person\/65922a538535f5699f67c84bd6813ddb"},"headline":"Rozbieha sa s\u00fa\u0165a\u017e o Cenu EHSV pre ob\u010diansku spolo\u010dnos\u0165 2022 zameran\u00e1 na dve t\u00e9my: ml\u00e1de\u017e a Ukrajinu","datePublished":"2022-06-20T13:54:11+00:00","dateModified":"2022-06-20T13:55:07+00:00","mainEntityOfPage":{"@id":"https:\/\/zborsolidarity.eu\/rozbieha-sa-sutaz-o-cenu-ehsv-pre-obciansku-spolocnost-2022-zamerana-na-dve-temy-mladez-a-ukrajinu\/"},"wordCount":1212,"publisher":{"@id":"https:\/\/zborsolidarity.eu\/#organization"},"image":{"@id":"https:\/\/zborsolidarity.eu\/rozbieha-sa-sutaz-o-cenu-ehsv-pre-obciansku-spolocnost-2022-zamerana-na-dve-temy-mladez-a-ukrajinu\/#primaryimage"},"thumbnailUrl":"https:\/\/zborsolidarity.eu\/wp-content\/uploads\/2022\/06\/22_180-1200x628-FBad-SK.jpg","articleSection":["News"],"inLanguage":"en-US"},{"@type":"WebPage","@id":"https:\/\/zborsolidarity.eu\/rozbieha-sa-sutaz-o-cenu-ehsv-pre-obciansku-spolocnost-2022-zamerana-na-dve-temy-mladez-a-ukrajinu\/","url":"https:\/\/zborsolidarity.eu\/rozbieha-sa-sutaz-o-cenu-ehsv-pre-obciansku-spolocnost-2022-zamerana-na-dve-temy-mladez-a-ukrajinu\/","name":"Rozbieha sa s\u00fa\u0165a\u017e o Cenu EHSV pre ob\u010diansku spolo\u010dnos\u0165 2022 zameran\u00e1 na dve t\u00e9my: ml\u00e1de\u017e a Ukrajinu - European Solidarity Corps","isPartOf":{"@id":"https:\/\/zborsolidarity.eu\/#website"},"primaryImageOfPage":{"@id":"https:\/\/zborsolidarity.eu\/rozbieha-sa-sutaz-o-cenu-ehsv-pre-obciansku-spolocnost-2022-zamerana-na-dve-temy-mladez-a-ukrajinu\/#primaryimage"},"image":{"@id":"https:\/\/zborsolidarity.eu\/rozbieha-sa-sutaz-o-cenu-ehsv-pre-obciansku-spolocnost-2022-zamerana-na-dve-temy-mladez-a-ukrajinu\/#primaryimage"},"thumbnailUrl":"https:\/\/zborsolidarity.eu\/wp-content\/uploads\/2022\/06\/22_180-1200x628-FBad-SK.jpg","datePublished":"2022-06-20T13:54:11+00:00","dateModified":"2022-06-20T13:55:07+00:00","breadcrumb":{"@id":"https:\/\/zborsolidarity.eu\/rozbieha-sa-sutaz-o-cenu-ehsv-pre-obciansku-spolocnost-2022-zamerana-na-dve-temy-mladez-a-ukrajinu\/#breadcrumb"},"inLanguage":"en-US","potentialAction":[{"@type":"ReadAction","target":["https:\/\/zborsolidarity.eu\/rozbieha-sa-sutaz-o-cenu-ehsv-pre-obciansku-spolocnost-2022-zamerana-na-dve-temy-mladez-a-ukrajinu\/"]}]},{"@type":"ImageObject","inLanguage":"en-US","@id":"https:\/\/zborsolidarity.eu\/rozbieha-sa-sutaz-o-cenu-ehsv-pre-obciansku-spolocnost-2022-zamerana-na-dve-temy-mladez-a-ukrajinu\/#primaryimage","url":"https:\/\/zborsolidarity.eu\/wp-content\/uploads\/2022\/06\/22_180-1200x628-FBad-SK.jpg","contentUrl":"https:\/\/zborsolidarity.eu\/wp-content\/uploads\/2022\/06\/22_180-1200x628-FBad-SK.jpg","width":1200,"height":628},{"@type":"BreadcrumbList","@id":"https:\/\/zborsolidarity.eu\/rozbieha-sa-sutaz-o-cenu-ehsv-pre-obciansku-spolocnost-2022-zamerana-na-dve-temy-mladez-a-ukrajinu\/#breadcrumb","itemListElement":[{"@type":"ListItem","position":1,"name":"Domovsk\u00e1 str\u00e1nka","item":"https:\/\/zborsolidarity.eu\/"},{"@type":"ListItem","position":2,"name":"Rozbieha sa s\u00fa\u0165a\u017e o Cenu EHSV pre ob\u010diansku spolo\u010dnos\u0165 2022 zameran\u00e1 na dve t\u00e9my: ml\u00e1de\u017e a Ukrajinu"}]},{"@type":"WebSite","@id":"https:\/\/zborsolidarity.eu\/#website","url":"https:\/\/zborsolidarity.eu\/","name":"European Solidarity Corps","description":"","publisher":{"@id":"https:\/\/zborsolidarity.eu\/#organization"},"potentialAction":[{"@type":"SearchAction","target":{"@type":"EntryPoint","urlTemplate":"https:\/\/zborsolidarity.eu\/?s={search_term_string}"},"query-input":{"@type":"PropertyValueSpecification","valueRequired":true,"valueName":"search_term_string"}}],"inLanguage":"en-US"},{"@type":"Organization","@id":"https:\/\/zborsolidarity.eu\/#organization","name":"European Solidarity Corps","url":"https:\/\/zborsolidarity.eu\/","logo":{"@type":"ImageObject","inLanguage":"en-US","@id":"https:\/\/zborsolidarity.eu\/#\/schema\/logo\/image\/","url":"https:\/\/zborsolidarity.eu\/wp-content\/uploads\/2020\/10\/zbor_solidarity_logo.png","contentUrl":"https:\/\/zborsolidarity.eu\/wp-content\/uploads\/2020\/10\/zbor_solidarity_logo.png","width":600,"height":165,"caption":"European Solidarity Corps"},"image":{"@id":"https:\/\/zborsolidarity.eu\/#\/schema\/logo\/image\/"}},{"@type":"Person","@id":"https:\/\/zborsolidarity.eu\/#\/schema\/person\/65922a538535f5699f67c84bd6813ddb","name":"Laura Beluskova","image":{"@type":"ImageObject","inLanguage":"en-US","@id":"https:\/\/zborsolidarity.eu\/#\/schema\/person\/image\/","url":"https:\/\/secure.gravatar.com\/avatar\/5ced65cda5aa6c52a9492cbd9a12511a78d48139071899e79a597c7e65e6c4bf?s=96&d=mm&r=g","contentUrl":"https:\/\/secure.gravatar.com\/avatar\/5ced65cda5aa6c52a9492cbd9a12511a78d48139071899e79a597c7e65e6c4bf?s=96&d=mm&r=g","caption":"Laura Beluskova"},"url":"https:\/\/zborsolidarity.eu\/en\/author\/matus-zibala\/"}]}},"_links":{"self":[{"href":"https:\/\/zborsolidarity.eu\/en\/wp-json\/wp\/v2\/posts\/3209","targetHints":{"allow":["GET"]}}],"collection":[{"href":"https:\/\/zborsolidarity.eu\/en\/wp-json\/wp\/v2\/posts"}],"about":[{"href":"https:\/\/zborsolidarity.eu\/en\/wp-json\/wp\/v2\/types\/post"}],"author":[{"embeddable":true,"href":"https:\/\/zborsolidarity.eu\/en\/wp-json\/wp\/v2\/users\/3"}],"replies":[{"embeddable":true,"href":"https:\/\/zborsolidarity.eu\/en\/wp-json\/wp\/v2\/comments?post=3209"}],"version-history":[{"count":3,"href":"https:\/\/zborsolidarity.eu\/en\/wp-json\/wp\/v2\/posts\/3209\/revisions"}],"predecessor-version":[{"id":3214,"href":"https:\/\/zborsolidarity.eu\/en\/wp-json\/wp\/v2\/posts\/3209\/revisions\/3214"}],"wp:featuredmedia":[{"embeddable":true,"href":"https:\/\/zborsolidarity.eu\/en\/wp-json\/wp\/v2\/media\/3210"}],"wp:attachment":[{"href":"https:\/\/zborsolidarity.eu\/en\/wp-json\/wp\/v2\/media?parent=3209"}],"wp:term":[{"taxonomy":"category","embeddable":true,"href":"https:\/\/zborsolidarity.eu\/en\/wp-json\/wp\/v2\/categories?post=3209"},{"taxonomy":"post_tag","embeddable":true,"href":"https:\/\/zborsolidarity.eu\/en\/wp-json\/wp\/v2\/tags?post=3209"}],"curies":[{"name":"wp","href":"https:\/\/api.w.org\/{rel}","templated":true}]}}