{"id":3326,"date":"2022-11-09T12:39:24","date_gmt":"2022-11-09T12:39:24","guid":{"rendered":"https:\/\/zborsolidarity.eu\/?p=3326"},"modified":"2022-11-09T12:39:25","modified_gmt":"2022-11-09T12:39:25","slug":"vyzva-na-skolitela-skolitelku-lets-talk-about-mental-health-follow-up","status":"publish","type":"post","link":"https:\/\/zborsolidarity.eu\/en\/vyzva-na-skolitela-skolitelku-lets-talk-about-mental-health-follow-up\/","title":{"rendered":"V\u00fdzva na \u0161kolite\u013ea\/\u0161kolite\u013eku: Lets TALK about mental HEALTH \u2013 follow up\u201d"},"content":{"rendered":"\n<p>NIVAM \u2013 N\u00e1rodn\u00fd in\u0161tit\u00fat vzdel\u00e1vania a&nbsp;ml\u00e1de\u017ee, N\u00e1rodn\u00e1 agent\u00fara programu E\u00da Erasmus+ pre oblas\u0165 ml\u00e1de\u017ee a \u0161portu h\u013ead\u00e1 dvoch \u0161kolite\u013eov, ktor\u00ed pripravia, zrealizuj\u00fa a vyhodnotia \u0161kolenie \u201cLets TALK about mental HEALTH \u2013 follow up 2022\u201d.<\/p>\n\n\n\n<p>N\u00e1rodn\u00e1 agent\u00fara programu E\u00da Erasmus + pre oblas\u0165 ml\u00e1de\u017ee a \u0161portu, uvedomuj\u00fac si v\u00e1\u017enos\u0165 situ\u00e1cie t\u00fdkaj\u00facej sa nepriazniv\u00e9ho v\u00fdvoja v oblasti du\u0161evn\u00e9ho zdravia mlad\u00fdch \u013eud\u00ed, sa rozhodla iniciova\u0165 u\u017e druh\u00fd kr\u00e1t \u0161kolenie na t\u00e9mu \u201cdu\u0161evn\u00e9 zdravie mlad\u00fdch \u013eud\u00ed\u201d, a to po minuloro\u010dnej sk\u00fasenosti, v spolupr\u00e1ci s organiz\u00e1ciou IP\u010dko. Hlavn\u00fdm cie\u013eom je vybavi\u0165 slovensk\u00fdch pracovn\u00edkov s ml\u00e1de\u017eou a takisto ostatn\u00fdch zapojen\u00fdch \u00fa\u010dastn\u00edkov potrebn\u00fdmi vedomos\u0165ami a zru\u010dnos\u0165ami v oblasti du\u0161evn\u00e9ho zamerania, v r\u00e1mci tejto f\u00e1zy so \u0161pecifick\u00fdm zrete\u013eom na prevenciu a starostlivos\u0165 o du\u0161evn\u00e9 zdravie mlad\u00fdch \u013eud\u00ed.<\/p>\n\n\n\n<p><strong>Ciele<\/strong><\/p>\n\n\n\n<ul class=\"wp-block-list\"><li>Vy\u0161koli\u0165 pracovn\u00edkov s ml\u00e1de\u017eou a vybavi\u0165 ich potrebn\u00fdmi vedomos\u0165ami a zru\u010dnos\u0165ami, ktor\u00e9 s\u00fa d\u00f4le\u017eit\u00e9 v s\u00favislosti s rie\u0161en\u00edm probl\u00e9mov du\u0161evn\u00e9ho zdravia,<\/li><li>Pozna\u0165 v\u00fdvinov\u00e9 \u00falohy a potreby det\u00ed a mlad\u00fdch \u013eud\u00ed v kontexte ich pre\u017e\u00edvania a du\u0161evn\u00e9ho zdravia,<\/li><li>Obozn\u00e1mi\u0165 sa s online\/offline prostred\u00edm,<\/li><li>Spozna\u0165 n\u00e1stroje, metodick\u00e9 postupy a sp\u00f4soby ich efekt\u00edvneho vyu\u017e\u00edvania v pomoci a podpore det\u00ed a mlad\u00fdch \u013eud\u00ed,<\/li><li>Zdie\u013ea\u0165 sk\u00fasenosti a pr\u00edklady dobrej praxe v pr\u00e1ci s mlad\u00fdmi \u013eu\u010fmi v kontexte du\u0161evn\u00e9ho zdravia,<\/li><\/ul>\n\n\n\n<p><strong>Cie\u013eov\u00e1 skupina<\/strong><\/p>\n\n\n\n<p>\u0160kolenie je ur\u010den\u00e9:<\/p>\n\n\n\n<ul class=\"wp-block-list\"><li>Pracovn\u00edci s ml\u00e1de\u017eou,<\/li><li>Akt\u00edvni mlad\u00ed \u013eudia<\/li><li>Mlad\u00ed ved\u00faci (ml\u00e1de\u017en\u00edcki ved\u00faci)<\/li><li>Mlad\u00ed l\u00eddri,<\/li><li>Mlad\u00ed tr\u00e9neri,<\/li><li>\u0160kolsk\u00ed psychol\u00f3govia,<\/li><li>Pedag\u00f3govia.<\/li><\/ul>\n\n\n\n<p><strong>D\u00e1tum a miesto konania<\/strong><\/p>\n\n\n\n<p>Bratislava, hotel Vienna House Easy<\/p>\n\n\n\n<p>Pl\u00e1novan\u00fd d\u00e1tum<strong>: 1.-4.12.2022<\/strong><\/p>\n\n\n\n<p>Z\u00e1ujemcovia za\u0161l\u00fa podklady k\u00a0splneniu form\u00e1lnych krit\u00e9ri\u00ed na adresu natalia.nemcova@iuventa.sk do <strong>15.11.2022.<\/strong><\/p>\n\n\n\n<p>Pre viac inform\u00e1ci\u00ed, pros\u00edm kontaktujte Mgr. Nat\u00e1liu Nemcov\u00fa:\u00a0<a href=\"mailto:ivana.merakova@iuventa.sk\">natalia.nemcova@iuventa.sk<\/a><\/p>\n\n\n\n<p>Bli\u017e\u0161ie inform\u00e1cie k v\u00fdzve n\u00e1jdete na tomto mieste:&nbsp;<a href=\"https:\/\/eurodesk.sk\/wp-content\/uploads\/2022\/11\/V\u00fdzva-na-\u0161kolite\u013ea_Mental_Health_2022.pdf\">V\u00fdzva na \u0161kolite\u013ea &#8211; Mental Health 2022<\/a><\/p>\n","protected":false},"excerpt":{"rendered":"<p>NIVAM \u2013 N\u00e1rodn\u00fd in\u0161tit\u00fat vzdel\u00e1vania a&nbsp;ml\u00e1de\u017ee, N\u00e1rodn\u00e1 agent\u00fara programu E\u00da Erasmus+ pre oblas\u0165 ml\u00e1de\u017ee a \u0161portu h\u013ead\u00e1 dvoch \u0161kolite\u013eov, ktor\u00ed pripravia, zrealizuj\u00fa a vyhodnotia \u0161kolenie \u201cLets TALK about mental HEALTH&#8230;<\/p>\n","protected":false},"author":3,"featured_media":3275,"comment_status":"closed","ping_status":"closed","sticky":false,"template":"","format":"standard","meta":{"footnotes":""},"categories":[2],"tags":[],"class_list":["post-3326","post","type-post","status-publish","format-standard","has-post-thumbnail","hentry","category-aktuality"],"translation":{"provider":"WPGlobus","version":"3.0.2","language":"en","enabled_languages":["sk","en"],"languages":{"sk":{"title":true,"content":true,"excerpt":false},"en":{"title":false,"content":false,"excerpt":false}}},"yoast_head":"<!-- This site is optimized with the Yoast SEO plugin v26.9 - https:\/\/yoast.com\/product\/yoast-seo-wordpress\/ -->\n<title>V\u00fdzva na \u0161kolite\u013ea\/\u0161kolite\u013eku: Lets TALK about mental HEALTH \u2013 follow up\u201d - European Solidarity Corps<\/title>\n<meta name=\"robots\" content=\"index, follow, max-snippet:-1, max-image-preview:large, max-video-preview:-1\" \/>\n<link rel=\"canonical\" href=\"https:\/\/zborsolidarity.eu\/vyzva-na-skolitela-skolitelku-lets-talk-about-mental-health-follow-up\/\" \/>\n<meta property=\"og:locale\" content=\"en_US\" \/>\n<meta property=\"og:type\" content=\"article\" \/>\n<meta property=\"og:title\" content=\"V\u00fdzva na \u0161kolite\u013ea\/\u0161kolite\u013eku: Lets TALK about mental HEALTH \u2013 follow up\u201d - European Solidarity Corps\" \/>\n<meta property=\"og:url\" content=\"https:\/\/zborsolidarity.eu\/vyzva-na-skolitela-skolitelku-lets-talk-about-mental-health-follow-up\/\" \/>\n<meta property=\"og:site_name\" content=\"European Solidarity Corps\" \/>\n<meta property=\"article:published_time\" content=\"2022-11-09T12:39:24+00:00\" \/>\n<meta property=\"article:modified_time\" content=\"2022-11-09T12:39:25+00:00\" \/>\n<meta property=\"og:image\" content=\"https:\/\/zborsolidarity.eu\/wp-content\/uploads\/2022\/08\/stiahnut.jpg\" \/>\n\t<meta property=\"og:image:width\" content=\"284\" \/>\n\t<meta property=\"og:image:height\" content=\"177\" \/>\n\t<meta property=\"og:image:type\" content=\"image\/jpeg\" \/>\n<meta name=\"author\" content=\"Laura Beluskova\" \/>\n<meta name=\"twitter:card\" content=\"summary_large_image\" \/>\n<meta name=\"twitter:label1\" content=\"Written by\" \/>\n\t<meta name=\"twitter:data1\" content=\"Laura Beluskova\" \/>\n\t<meta name=\"twitter:label2\" content=\"Est. reading time\" \/>\n\t<meta name=\"twitter:data2\" content=\"2 minutes\" \/>\n<script type=\"application\/ld+json\" class=\"yoast-schema-graph\">{\"@context\":\"https:\/\/schema.org\",\"@graph\":[{\"@type\":\"Article\",\"@id\":\"https:\/\/zborsolidarity.eu\/vyzva-na-skolitela-skolitelku-lets-talk-about-mental-health-follow-up\/#article\",\"isPartOf\":{\"@id\":\"https:\/\/zborsolidarity.eu\/vyzva-na-skolitela-skolitelku-lets-talk-about-mental-health-follow-up\/\"},\"author\":{\"name\":\"Laura Beluskova\",\"@id\":\"https:\/\/zborsolidarity.eu\/#\/schema\/person\/65922a538535f5699f67c84bd6813ddb\"},\"headline\":\"V\u00fdzva na \u0161kolite\u013ea\/\u0161kolite\u013eku: Lets TALK about mental HEALTH \u2013 follow up\u201d\",\"datePublished\":\"2022-11-09T12:39:24+00:00\",\"dateModified\":\"2022-11-09T12:39:25+00:00\",\"mainEntityOfPage\":{\"@id\":\"https:\/\/zborsolidarity.eu\/vyzva-na-skolitela-skolitelku-lets-talk-about-mental-health-follow-up\/\"},\"wordCount\":405,\"publisher\":{\"@id\":\"https:\/\/zborsolidarity.eu\/#organization\"},\"image\":{\"@id\":\"https:\/\/zborsolidarity.eu\/vyzva-na-skolitela-skolitelku-lets-talk-about-mental-health-follow-up\/#primaryimage\"},\"thumbnailUrl\":\"https:\/\/zborsolidarity.eu\/wp-content\/uploads\/2022\/08\/stiahnut.jpg\",\"articleSection\":[\"News\"],\"inLanguage\":\"en-US\"},{\"@type\":\"WebPage\",\"@id\":\"https:\/\/zborsolidarity.eu\/vyzva-na-skolitela-skolitelku-lets-talk-about-mental-health-follow-up\/\",\"url\":\"https:\/\/zborsolidarity.eu\/vyzva-na-skolitela-skolitelku-lets-talk-about-mental-health-follow-up\/\",\"name\":\"V\u00fdzva na \u0161kolite\u013ea\/\u0161kolite\u013eku: Lets TALK about mental HEALTH \u2013 follow up\u201d - European Solidarity Corps\",\"isPartOf\":{\"@id\":\"https:\/\/zborsolidarity.eu\/#website\"},\"primaryImageOfPage\":{\"@id\":\"https:\/\/zborsolidarity.eu\/vyzva-na-skolitela-skolitelku-lets-talk-about-mental-health-follow-up\/#primaryimage\"},\"image\":{\"@id\":\"https:\/\/zborsolidarity.eu\/vyzva-na-skolitela-skolitelku-lets-talk-about-mental-health-follow-up\/#primaryimage\"},\"thumbnailUrl\":\"https:\/\/zborsolidarity.eu\/wp-content\/uploads\/2022\/08\/stiahnut.jpg\",\"datePublished\":\"2022-11-09T12:39:24+00:00\",\"dateModified\":\"2022-11-09T12:39:25+00:00\",\"breadcrumb\":{\"@id\":\"https:\/\/zborsolidarity.eu\/vyzva-na-skolitela-skolitelku-lets-talk-about-mental-health-follow-up\/#breadcrumb\"},\"inLanguage\":\"en-US\",\"potentialAction\":[{\"@type\":\"ReadAction\",\"target\":[\"https:\/\/zborsolidarity.eu\/vyzva-na-skolitela-skolitelku-lets-talk-about-mental-health-follow-up\/\"]}]},{\"@type\":\"ImageObject\",\"inLanguage\":\"en-US\",\"@id\":\"https:\/\/zborsolidarity.eu\/vyzva-na-skolitela-skolitelku-lets-talk-about-mental-health-follow-up\/#primaryimage\",\"url\":\"https:\/\/zborsolidarity.eu\/wp-content\/uploads\/2022\/08\/stiahnut.jpg\",\"contentUrl\":\"https:\/\/zborsolidarity.eu\/wp-content\/uploads\/2022\/08\/stiahnut.jpg\",\"width\":284,\"height\":177},{\"@type\":\"BreadcrumbList\",\"@id\":\"https:\/\/zborsolidarity.eu\/vyzva-na-skolitela-skolitelku-lets-talk-about-mental-health-follow-up\/#breadcrumb\",\"itemListElement\":[{\"@type\":\"ListItem\",\"position\":1,\"name\":\"Domovsk\u00e1 str\u00e1nka\",\"item\":\"https:\/\/zborsolidarity.eu\/\"},{\"@type\":\"ListItem\",\"position\":2,\"name\":\"V\u00fdzva na \u0161kolite\u013ea\/\u0161kolite\u013eku: Lets TALK about mental HEALTH \u2013 follow up\u201d\"}]},{\"@type\":\"WebSite\",\"@id\":\"https:\/\/zborsolidarity.eu\/#website\",\"url\":\"https:\/\/zborsolidarity.eu\/\",\"name\":\"European Solidarity Corps\",\"description\":\"\",\"publisher\":{\"@id\":\"https:\/\/zborsolidarity.eu\/#organization\"},\"potentialAction\":[{\"@type\":\"SearchAction\",\"target\":{\"@type\":\"EntryPoint\",\"urlTemplate\":\"https:\/\/zborsolidarity.eu\/?s={search_term_string}\"},\"query-input\":{\"@type\":\"PropertyValueSpecification\",\"valueRequired\":true,\"valueName\":\"search_term_string\"}}],\"inLanguage\":\"en-US\"},{\"@type\":\"Organization\",\"@id\":\"https:\/\/zborsolidarity.eu\/#organization\",\"name\":\"European Solidarity Corps\",\"url\":\"https:\/\/zborsolidarity.eu\/\",\"logo\":{\"@type\":\"ImageObject\",\"inLanguage\":\"en-US\",\"@id\":\"https:\/\/zborsolidarity.eu\/#\/schema\/logo\/image\/\",\"url\":\"https:\/\/zborsolidarity.eu\/wp-content\/uploads\/2020\/10\/zbor_solidarity_logo.png\",\"contentUrl\":\"https:\/\/zborsolidarity.eu\/wp-content\/uploads\/2020\/10\/zbor_solidarity_logo.png\",\"width\":600,\"height\":165,\"caption\":\"European Solidarity Corps\"},\"image\":{\"@id\":\"https:\/\/zborsolidarity.eu\/#\/schema\/logo\/image\/\"}},{\"@type\":\"Person\",\"@id\":\"https:\/\/zborsolidarity.eu\/#\/schema\/person\/65922a538535f5699f67c84bd6813ddb\",\"name\":\"Laura Beluskova\",\"image\":{\"@type\":\"ImageObject\",\"inLanguage\":\"en-US\",\"@id\":\"https:\/\/zborsolidarity.eu\/#\/schema\/person\/image\/\",\"url\":\"https:\/\/secure.gravatar.com\/avatar\/5ced65cda5aa6c52a9492cbd9a12511a78d48139071899e79a597c7e65e6c4bf?s=96&d=mm&r=g\",\"contentUrl\":\"https:\/\/secure.gravatar.com\/avatar\/5ced65cda5aa6c52a9492cbd9a12511a78d48139071899e79a597c7e65e6c4bf?s=96&d=mm&r=g\",\"caption\":\"Laura Beluskova\"},\"url\":\"https:\/\/zborsolidarity.eu\/en\/author\/matus-zibala\/\"}]}<\/script>\n<!-- \/ Yoast SEO plugin. -->","yoast_head_json":{"title":"V\u00fdzva na \u0161kolite\u013ea\/\u0161kolite\u013eku: Lets TALK about mental HEALTH \u2013 follow up\u201d - European Solidarity Corps","robots":{"index":"index","follow":"follow","max-snippet":"max-snippet:-1","max-image-preview":"max-image-preview:large","max-video-preview":"max-video-preview:-1"},"canonical":"https:\/\/zborsolidarity.eu\/vyzva-na-skolitela-skolitelku-lets-talk-about-mental-health-follow-up\/","og_locale":"en_US","og_type":"article","og_title":"V\u00fdzva na \u0161kolite\u013ea\/\u0161kolite\u013eku: Lets TALK about mental HEALTH \u2013 follow up\u201d - European Solidarity Corps","og_url":"https:\/\/zborsolidarity.eu\/vyzva-na-skolitela-skolitelku-lets-talk-about-mental-health-follow-up\/","og_site_name":"European Solidarity Corps","article_published_time":"2022-11-09T12:39:24+00:00","article_modified_time":"2022-11-09T12:39:25+00:00","og_image":[{"width":284,"height":177,"url":"https:\/\/zborsolidarity.eu\/wp-content\/uploads\/2022\/08\/stiahnut.jpg","type":"image\/jpeg"}],"author":"Laura Beluskova","twitter_card":"summary_large_image","twitter_misc":{"Written by":"Laura Beluskova","Est. reading time":"2 minutes"},"schema":{"@context":"https:\/\/schema.org","@graph":[{"@type":"Article","@id":"https:\/\/zborsolidarity.eu\/vyzva-na-skolitela-skolitelku-lets-talk-about-mental-health-follow-up\/#article","isPartOf":{"@id":"https:\/\/zborsolidarity.eu\/vyzva-na-skolitela-skolitelku-lets-talk-about-mental-health-follow-up\/"},"author":{"name":"Laura Beluskova","@id":"https:\/\/zborsolidarity.eu\/#\/schema\/person\/65922a538535f5699f67c84bd6813ddb"},"headline":"V\u00fdzva na \u0161kolite\u013ea\/\u0161kolite\u013eku: Lets TALK about mental HEALTH \u2013 follow up\u201d","datePublished":"2022-11-09T12:39:24+00:00","dateModified":"2022-11-09T12:39:25+00:00","mainEntityOfPage":{"@id":"https:\/\/zborsolidarity.eu\/vyzva-na-skolitela-skolitelku-lets-talk-about-mental-health-follow-up\/"},"wordCount":405,"publisher":{"@id":"https:\/\/zborsolidarity.eu\/#organization"},"image":{"@id":"https:\/\/zborsolidarity.eu\/vyzva-na-skolitela-skolitelku-lets-talk-about-mental-health-follow-up\/#primaryimage"},"thumbnailUrl":"https:\/\/zborsolidarity.eu\/wp-content\/uploads\/2022\/08\/stiahnut.jpg","articleSection":["News"],"inLanguage":"en-US"},{"@type":"WebPage","@id":"https:\/\/zborsolidarity.eu\/vyzva-na-skolitela-skolitelku-lets-talk-about-mental-health-follow-up\/","url":"https:\/\/zborsolidarity.eu\/vyzva-na-skolitela-skolitelku-lets-talk-about-mental-health-follow-up\/","name":"V\u00fdzva na \u0161kolite\u013ea\/\u0161kolite\u013eku: Lets TALK about mental HEALTH \u2013 follow up\u201d - European Solidarity Corps","isPartOf":{"@id":"https:\/\/zborsolidarity.eu\/#website"},"primaryImageOfPage":{"@id":"https:\/\/zborsolidarity.eu\/vyzva-na-skolitela-skolitelku-lets-talk-about-mental-health-follow-up\/#primaryimage"},"image":{"@id":"https:\/\/zborsolidarity.eu\/vyzva-na-skolitela-skolitelku-lets-talk-about-mental-health-follow-up\/#primaryimage"},"thumbnailUrl":"https:\/\/zborsolidarity.eu\/wp-content\/uploads\/2022\/08\/stiahnut.jpg","datePublished":"2022-11-09T12:39:24+00:00","dateModified":"2022-11-09T12:39:25+00:00","breadcrumb":{"@id":"https:\/\/zborsolidarity.eu\/vyzva-na-skolitela-skolitelku-lets-talk-about-mental-health-follow-up\/#breadcrumb"},"inLanguage":"en-US","potentialAction":[{"@type":"ReadAction","target":["https:\/\/zborsolidarity.eu\/vyzva-na-skolitela-skolitelku-lets-talk-about-mental-health-follow-up\/"]}]},{"@type":"ImageObject","inLanguage":"en-US","@id":"https:\/\/zborsolidarity.eu\/vyzva-na-skolitela-skolitelku-lets-talk-about-mental-health-follow-up\/#primaryimage","url":"https:\/\/zborsolidarity.eu\/wp-content\/uploads\/2022\/08\/stiahnut.jpg","contentUrl":"https:\/\/zborsolidarity.eu\/wp-content\/uploads\/2022\/08\/stiahnut.jpg","width":284,"height":177},{"@type":"BreadcrumbList","@id":"https:\/\/zborsolidarity.eu\/vyzva-na-skolitela-skolitelku-lets-talk-about-mental-health-follow-up\/#breadcrumb","itemListElement":[{"@type":"ListItem","position":1,"name":"Domovsk\u00e1 str\u00e1nka","item":"https:\/\/zborsolidarity.eu\/"},{"@type":"ListItem","position":2,"name":"V\u00fdzva na \u0161kolite\u013ea\/\u0161kolite\u013eku: Lets TALK about mental HEALTH \u2013 follow up\u201d"}]},{"@type":"WebSite","@id":"https:\/\/zborsolidarity.eu\/#website","url":"https:\/\/zborsolidarity.eu\/","name":"European Solidarity Corps","description":"","publisher":{"@id":"https:\/\/zborsolidarity.eu\/#organization"},"potentialAction":[{"@type":"SearchAction","target":{"@type":"EntryPoint","urlTemplate":"https:\/\/zborsolidarity.eu\/?s={search_term_string}"},"query-input":{"@type":"PropertyValueSpecification","valueRequired":true,"valueName":"search_term_string"}}],"inLanguage":"en-US"},{"@type":"Organization","@id":"https:\/\/zborsolidarity.eu\/#organization","name":"European Solidarity Corps","url":"https:\/\/zborsolidarity.eu\/","logo":{"@type":"ImageObject","inLanguage":"en-US","@id":"https:\/\/zborsolidarity.eu\/#\/schema\/logo\/image\/","url":"https:\/\/zborsolidarity.eu\/wp-content\/uploads\/2020\/10\/zbor_solidarity_logo.png","contentUrl":"https:\/\/zborsolidarity.eu\/wp-content\/uploads\/2020\/10\/zbor_solidarity_logo.png","width":600,"height":165,"caption":"European Solidarity Corps"},"image":{"@id":"https:\/\/zborsolidarity.eu\/#\/schema\/logo\/image\/"}},{"@type":"Person","@id":"https:\/\/zborsolidarity.eu\/#\/schema\/person\/65922a538535f5699f67c84bd6813ddb","name":"Laura Beluskova","image":{"@type":"ImageObject","inLanguage":"en-US","@id":"https:\/\/zborsolidarity.eu\/#\/schema\/person\/image\/","url":"https:\/\/secure.gravatar.com\/avatar\/5ced65cda5aa6c52a9492cbd9a12511a78d48139071899e79a597c7e65e6c4bf?s=96&d=mm&r=g","contentUrl":"https:\/\/secure.gravatar.com\/avatar\/5ced65cda5aa6c52a9492cbd9a12511a78d48139071899e79a597c7e65e6c4bf?s=96&d=mm&r=g","caption":"Laura Beluskova"},"url":"https:\/\/zborsolidarity.eu\/en\/author\/matus-zibala\/"}]}},"_links":{"self":[{"href":"https:\/\/zborsolidarity.eu\/en\/wp-json\/wp\/v2\/posts\/3326","targetHints":{"allow":["GET"]}}],"collection":[{"href":"https:\/\/zborsolidarity.eu\/en\/wp-json\/wp\/v2\/posts"}],"about":[{"href":"https:\/\/zborsolidarity.eu\/en\/wp-json\/wp\/v2\/types\/post"}],"author":[{"embeddable":true,"href":"https:\/\/zborsolidarity.eu\/en\/wp-json\/wp\/v2\/users\/3"}],"replies":[{"embeddable":true,"href":"https:\/\/zborsolidarity.eu\/en\/wp-json\/wp\/v2\/comments?post=3326"}],"version-history":[{"count":1,"href":"https:\/\/zborsolidarity.eu\/en\/wp-json\/wp\/v2\/posts\/3326\/revisions"}],"predecessor-version":[{"id":3327,"href":"https:\/\/zborsolidarity.eu\/en\/wp-json\/wp\/v2\/posts\/3326\/revisions\/3327"}],"wp:featuredmedia":[{"embeddable":true,"href":"https:\/\/zborsolidarity.eu\/en\/wp-json\/wp\/v2\/media\/3275"}],"wp:attachment":[{"href":"https:\/\/zborsolidarity.eu\/en\/wp-json\/wp\/v2\/media?parent=3326"}],"wp:term":[{"taxonomy":"category","embeddable":true,"href":"https:\/\/zborsolidarity.eu\/en\/wp-json\/wp\/v2\/categories?post=3326"},{"taxonomy":"post_tag","embeddable":true,"href":"https:\/\/zborsolidarity.eu\/en\/wp-json\/wp\/v2\/tags?post=3326"}],"curies":[{"name":"wp","href":"https:\/\/api.w.org\/{rel}","templated":true}]}}