{"id":3825,"date":"2023-10-03T13:06:51","date_gmt":"2023-10-03T12:06:51","guid":{"rendered":"https:\/\/zborsolidarity.eu\/?p=3825"},"modified":"2023-10-03T13:06:54","modified_gmt":"2023-10-03T12:06:54","slug":"program-mladych-profesionalov-unesco-young-professionals-programme-unesco","status":"publish","type":"post","link":"https:\/\/zborsolidarity.eu\/en\/program-mladych-profesionalov-unesco-young-professionals-programme-unesco\/","title":{"rendered":"Program mlad\u00fdch profesion\u00e1lov UNESCO (Young Professionals Programme UNESCO)"},"content":{"rendered":"\n<p>D\u00e1vame V\u00e1m do pozornosti mo\u017enos\u0165 prihl\u00e1si\u0165 sa do &#8220;Programu mlad\u00fdch profesion\u00e1lov UNESCO&#8221;, ktor\u00e9ho cie\u013eom je zlep\u0161i\u0165 geografick\u00e9 zast\u00fapenie \u010dlensk\u00fdch kraj\u00edn UNESCO v Sekretari\u00e1te organiz\u00e1cie, podpori\u0165 princ\u00edpy rodovej vyv\u00e1\u017eenosti a poskytn\u00fa\u0165 vzdel\u00e1vacie a profesion\u00e1lne mo\u017enosti mlad\u00fdm \u013eu\u010fom.<\/p>\n\n\n\n<p><strong>Po\u017eiadavky na kandid\u00e1tov:<\/strong><\/p>\n\n\n\n<p>\u27a1\ufe0fmlad\u00ed profesion\u00e1li vo veku do 32 rokov (naroden\u00ed 1. janu\u00e1ra 1991 a nesk\u00f4r)<br>\u27a1\ufe0f\u0161t\u00e1tne ob\u010dianstvo SR<br>\u27a1\ufe0fukon\u010den\u00e9 magistersk\u00e9 \u0161t\u00fadium (resp. ekvivalentn\u00fd 2. stupe\u0148 vysoko\u0161kolsk\u00e9ho vzdelania) v niektorej z nasledovn\u00fdch oblast\u00ed: vzdel\u00e1vanie, kult\u00fara, komunik\u00e1cia, spolo\u010densk\u00e9 vedy, pr\u00edrodn\u00e9 vedy, rozvojov\u00e1 spolupr\u00e1ca, financie, \u00fa\u010dtovn\u00edctvo, pr\u00e1vo, medzin\u00e1rodn\u00e9 vz\u0165ahy, politol\u00f3gia, mana\u017ement \u013eudsk\u00fdch zdrojov, biznis administrat\u00edva, psychol\u00f3gia, audit, m\u00e9di\u00e1 alebo \u017eurnalistika;<br>\u27a1\ufe0fplynul\u00e1 angli\u010dtina alebo plynul\u00e1 franc\u00faz\u0161tina (v\u00fdhodou je ovl\u00e1danie oboch cudz\u00edch jazykov).<br>\u27a1\ufe0fz\u00e1ujemcovia musia preuk\u00e1za\u0165 znalos\u0165 syst\u00e9mu OSN a stoto\u017eni\u0165 sa s hodnotami UNESCO<\/p>\n\n\n\n<p>Prihl\u00e1si\u0165 sa mo\u017eno zaslan\u00edm \u017eivotopisu v angli\u010dtine alebo franc\u00faz\u0161tine (v zmysle po\u017eiadavky UNESCO max na 1 stranu) na adresu <strong>unesco@mzv.sk<\/strong> do <strong>15.10.2023<\/strong>. S\u00fa\u010das\u0165ou prihl\u00e1\u0161ky by malo by\u0165 aj stru\u010dn\u00e9 od\u00f4vodnenie motiv\u00e1cie pracova\u0165 pre UNESCO, ako aj bli\u017e\u0161ie ur\u010denie oblasti, v ktorej m\u00e1 uch\u00e1dza\u010d z\u00e1ujem pracova\u0165.<\/p>\n","protected":false},"excerpt":{"rendered":"<p>D\u00e1vame V\u00e1m do pozornosti mo\u017enos\u0165 prihl\u00e1si\u0165 sa do &#8220;Programu mlad\u00fdch profesion\u00e1lov UNESCO&#8221;, ktor\u00e9ho cie\u013eom je zlep\u0161i\u0165 geografick\u00e9 zast\u00fapenie \u010dlensk\u00fdch kraj\u00edn UNESCO v Sekretari\u00e1te organiz\u00e1cie, podpori\u0165 princ\u00edpy rodovej vyv\u00e1\u017eenosti a poskytn\u00fa\u0165&#8230;<\/p>\n","protected":false},"author":3,"featured_media":3826,"comment_status":"closed","ping_status":"closed","sticky":false,"template":"","format":"standard","meta":{"footnotes":""},"categories":[2],"tags":[],"class_list":["post-3825","post","type-post","status-publish","format-standard","has-post-thumbnail","hentry","category-aktuality"],"translation":{"provider":"WPGlobus","version":"3.0.2","language":"en","enabled_languages":["sk","en"],"languages":{"sk":{"title":true,"content":true,"excerpt":false},"en":{"title":false,"content":false,"excerpt":false}}},"yoast_head":"<!-- This site is optimized with the Yoast SEO plugin v26.9 - https:\/\/yoast.com\/product\/yoast-seo-wordpress\/ -->\n<title>Program mlad\u00fdch profesion\u00e1lov UNESCO (Young Professionals Programme UNESCO) - European Solidarity Corps<\/title>\n<meta name=\"robots\" content=\"index, follow, max-snippet:-1, max-image-preview:large, max-video-preview:-1\" \/>\n<link rel=\"canonical\" href=\"https:\/\/zborsolidarity.eu\/program-mladych-profesionalov-unesco-young-professionals-programme-unesco\/\" \/>\n<meta property=\"og:locale\" content=\"en_US\" \/>\n<meta property=\"og:type\" content=\"article\" \/>\n<meta property=\"og:title\" content=\"Program mlad\u00fdch profesion\u00e1lov UNESCO (Young Professionals Programme UNESCO) - European Solidarity Corps\" \/>\n<meta property=\"og:url\" content=\"https:\/\/zborsolidarity.eu\/program-mladych-profesionalov-unesco-young-professionals-programme-unesco\/\" \/>\n<meta property=\"og:site_name\" content=\"European Solidarity Corps\" \/>\n<meta property=\"article:published_time\" content=\"2023-10-03T12:06:51+00:00\" \/>\n<meta property=\"article:modified_time\" content=\"2023-10-03T12:06:54+00:00\" \/>\n<meta property=\"og:image\" content=\"https:\/\/zborsolidarity.eu\/wp-content\/uploads\/2023\/10\/Flag_of_UNESCO.svg.png\" \/>\n\t<meta property=\"og:image:width\" content=\"1200\" \/>\n\t<meta property=\"og:image:height\" content=\"800\" \/>\n\t<meta property=\"og:image:type\" content=\"image\/png\" \/>\n<meta name=\"author\" content=\"Laura Beluskova\" \/>\n<meta name=\"twitter:card\" content=\"summary_large_image\" \/>\n<meta name=\"twitter:label1\" content=\"Written by\" \/>\n\t<meta name=\"twitter:data1\" content=\"Laura Beluskova\" \/>\n\t<meta name=\"twitter:label2\" content=\"Est. reading time\" \/>\n\t<meta name=\"twitter:data2\" content=\"1 minute\" \/>\n<script type=\"application\/ld+json\" class=\"yoast-schema-graph\">{\"@context\":\"https:\/\/schema.org\",\"@graph\":[{\"@type\":\"Article\",\"@id\":\"https:\/\/zborsolidarity.eu\/program-mladych-profesionalov-unesco-young-professionals-programme-unesco\/#article\",\"isPartOf\":{\"@id\":\"https:\/\/zborsolidarity.eu\/program-mladych-profesionalov-unesco-young-professionals-programme-unesco\/\"},\"author\":{\"name\":\"Laura Beluskova\",\"@id\":\"https:\/\/zborsolidarity.eu\/#\/schema\/person\/65922a538535f5699f67c84bd6813ddb\"},\"headline\":\"Program mlad\u00fdch profesion\u00e1lov UNESCO (Young Professionals Programme UNESCO)\",\"datePublished\":\"2023-10-03T12:06:51+00:00\",\"dateModified\":\"2023-10-03T12:06:54+00:00\",\"mainEntityOfPage\":{\"@id\":\"https:\/\/zborsolidarity.eu\/program-mladych-profesionalov-unesco-young-professionals-programme-unesco\/\"},\"wordCount\":244,\"publisher\":{\"@id\":\"https:\/\/zborsolidarity.eu\/#organization\"},\"image\":{\"@id\":\"https:\/\/zborsolidarity.eu\/program-mladych-profesionalov-unesco-young-professionals-programme-unesco\/#primaryimage\"},\"thumbnailUrl\":\"https:\/\/zborsolidarity.eu\/wp-content\/uploads\/2023\/10\/Flag_of_UNESCO.svg.png\",\"articleSection\":[\"News\"],\"inLanguage\":\"en-US\"},{\"@type\":\"WebPage\",\"@id\":\"https:\/\/zborsolidarity.eu\/program-mladych-profesionalov-unesco-young-professionals-programme-unesco\/\",\"url\":\"https:\/\/zborsolidarity.eu\/program-mladych-profesionalov-unesco-young-professionals-programme-unesco\/\",\"name\":\"Program mlad\u00fdch profesion\u00e1lov UNESCO (Young Professionals Programme UNESCO) - European Solidarity Corps\",\"isPartOf\":{\"@id\":\"https:\/\/zborsolidarity.eu\/#website\"},\"primaryImageOfPage\":{\"@id\":\"https:\/\/zborsolidarity.eu\/program-mladych-profesionalov-unesco-young-professionals-programme-unesco\/#primaryimage\"},\"image\":{\"@id\":\"https:\/\/zborsolidarity.eu\/program-mladych-profesionalov-unesco-young-professionals-programme-unesco\/#primaryimage\"},\"thumbnailUrl\":\"https:\/\/zborsolidarity.eu\/wp-content\/uploads\/2023\/10\/Flag_of_UNESCO.svg.png\",\"datePublished\":\"2023-10-03T12:06:51+00:00\",\"dateModified\":\"2023-10-03T12:06:54+00:00\",\"breadcrumb\":{\"@id\":\"https:\/\/zborsolidarity.eu\/program-mladych-profesionalov-unesco-young-professionals-programme-unesco\/#breadcrumb\"},\"inLanguage\":\"en-US\",\"potentialAction\":[{\"@type\":\"ReadAction\",\"target\":[\"https:\/\/zborsolidarity.eu\/program-mladych-profesionalov-unesco-young-professionals-programme-unesco\/\"]}]},{\"@type\":\"ImageObject\",\"inLanguage\":\"en-US\",\"@id\":\"https:\/\/zborsolidarity.eu\/program-mladych-profesionalov-unesco-young-professionals-programme-unesco\/#primaryimage\",\"url\":\"https:\/\/zborsolidarity.eu\/wp-content\/uploads\/2023\/10\/Flag_of_UNESCO.svg.png\",\"contentUrl\":\"https:\/\/zborsolidarity.eu\/wp-content\/uploads\/2023\/10\/Flag_of_UNESCO.svg.png\",\"width\":1200,\"height\":800},{\"@type\":\"BreadcrumbList\",\"@id\":\"https:\/\/zborsolidarity.eu\/program-mladych-profesionalov-unesco-young-professionals-programme-unesco\/#breadcrumb\",\"itemListElement\":[{\"@type\":\"ListItem\",\"position\":1,\"name\":\"Domovsk\u00e1 str\u00e1nka\",\"item\":\"https:\/\/zborsolidarity.eu\/\"},{\"@type\":\"ListItem\",\"position\":2,\"name\":\"Program mlad\u00fdch profesion\u00e1lov UNESCO (Young Professionals Programme UNESCO)\"}]},{\"@type\":\"WebSite\",\"@id\":\"https:\/\/zborsolidarity.eu\/#website\",\"url\":\"https:\/\/zborsolidarity.eu\/\",\"name\":\"European Solidarity Corps\",\"description\":\"\",\"publisher\":{\"@id\":\"https:\/\/zborsolidarity.eu\/#organization\"},\"potentialAction\":[{\"@type\":\"SearchAction\",\"target\":{\"@type\":\"EntryPoint\",\"urlTemplate\":\"https:\/\/zborsolidarity.eu\/?s={search_term_string}\"},\"query-input\":{\"@type\":\"PropertyValueSpecification\",\"valueRequired\":true,\"valueName\":\"search_term_string\"}}],\"inLanguage\":\"en-US\"},{\"@type\":\"Organization\",\"@id\":\"https:\/\/zborsolidarity.eu\/#organization\",\"name\":\"European Solidarity Corps\",\"url\":\"https:\/\/zborsolidarity.eu\/\",\"logo\":{\"@type\":\"ImageObject\",\"inLanguage\":\"en-US\",\"@id\":\"https:\/\/zborsolidarity.eu\/#\/schema\/logo\/image\/\",\"url\":\"https:\/\/zborsolidarity.eu\/wp-content\/uploads\/2020\/10\/zbor_solidarity_logo.png\",\"contentUrl\":\"https:\/\/zborsolidarity.eu\/wp-content\/uploads\/2020\/10\/zbor_solidarity_logo.png\",\"width\":600,\"height\":165,\"caption\":\"European Solidarity Corps\"},\"image\":{\"@id\":\"https:\/\/zborsolidarity.eu\/#\/schema\/logo\/image\/\"}},{\"@type\":\"Person\",\"@id\":\"https:\/\/zborsolidarity.eu\/#\/schema\/person\/65922a538535f5699f67c84bd6813ddb\",\"name\":\"Laura Beluskova\",\"image\":{\"@type\":\"ImageObject\",\"inLanguage\":\"en-US\",\"@id\":\"https:\/\/zborsolidarity.eu\/#\/schema\/person\/image\/\",\"url\":\"https:\/\/secure.gravatar.com\/avatar\/5ced65cda5aa6c52a9492cbd9a12511a78d48139071899e79a597c7e65e6c4bf?s=96&d=mm&r=g\",\"contentUrl\":\"https:\/\/secure.gravatar.com\/avatar\/5ced65cda5aa6c52a9492cbd9a12511a78d48139071899e79a597c7e65e6c4bf?s=96&d=mm&r=g\",\"caption\":\"Laura Beluskova\"},\"url\":\"https:\/\/zborsolidarity.eu\/en\/author\/matus-zibala\/\"}]}<\/script>\n<!-- \/ Yoast SEO plugin. -->","yoast_head_json":{"title":"Program mlad\u00fdch profesion\u00e1lov UNESCO (Young Professionals Programme UNESCO) - European Solidarity Corps","robots":{"index":"index","follow":"follow","max-snippet":"max-snippet:-1","max-image-preview":"max-image-preview:large","max-video-preview":"max-video-preview:-1"},"canonical":"https:\/\/zborsolidarity.eu\/program-mladych-profesionalov-unesco-young-professionals-programme-unesco\/","og_locale":"en_US","og_type":"article","og_title":"Program mlad\u00fdch profesion\u00e1lov UNESCO (Young Professionals Programme UNESCO) - European Solidarity Corps","og_url":"https:\/\/zborsolidarity.eu\/program-mladych-profesionalov-unesco-young-professionals-programme-unesco\/","og_site_name":"European Solidarity Corps","article_published_time":"2023-10-03T12:06:51+00:00","article_modified_time":"2023-10-03T12:06:54+00:00","og_image":[{"width":1200,"height":800,"url":"https:\/\/zborsolidarity.eu\/wp-content\/uploads\/2023\/10\/Flag_of_UNESCO.svg.png","type":"image\/png"}],"author":"Laura Beluskova","twitter_card":"summary_large_image","twitter_misc":{"Written by":"Laura Beluskova","Est. reading time":"1 minute"},"schema":{"@context":"https:\/\/schema.org","@graph":[{"@type":"Article","@id":"https:\/\/zborsolidarity.eu\/program-mladych-profesionalov-unesco-young-professionals-programme-unesco\/#article","isPartOf":{"@id":"https:\/\/zborsolidarity.eu\/program-mladych-profesionalov-unesco-young-professionals-programme-unesco\/"},"author":{"name":"Laura Beluskova","@id":"https:\/\/zborsolidarity.eu\/#\/schema\/person\/65922a538535f5699f67c84bd6813ddb"},"headline":"Program mlad\u00fdch profesion\u00e1lov UNESCO (Young Professionals Programme UNESCO)","datePublished":"2023-10-03T12:06:51+00:00","dateModified":"2023-10-03T12:06:54+00:00","mainEntityOfPage":{"@id":"https:\/\/zborsolidarity.eu\/program-mladych-profesionalov-unesco-young-professionals-programme-unesco\/"},"wordCount":244,"publisher":{"@id":"https:\/\/zborsolidarity.eu\/#organization"},"image":{"@id":"https:\/\/zborsolidarity.eu\/program-mladych-profesionalov-unesco-young-professionals-programme-unesco\/#primaryimage"},"thumbnailUrl":"https:\/\/zborsolidarity.eu\/wp-content\/uploads\/2023\/10\/Flag_of_UNESCO.svg.png","articleSection":["News"],"inLanguage":"en-US"},{"@type":"WebPage","@id":"https:\/\/zborsolidarity.eu\/program-mladych-profesionalov-unesco-young-professionals-programme-unesco\/","url":"https:\/\/zborsolidarity.eu\/program-mladych-profesionalov-unesco-young-professionals-programme-unesco\/","name":"Program mlad\u00fdch profesion\u00e1lov UNESCO (Young Professionals Programme UNESCO) - European Solidarity Corps","isPartOf":{"@id":"https:\/\/zborsolidarity.eu\/#website"},"primaryImageOfPage":{"@id":"https:\/\/zborsolidarity.eu\/program-mladych-profesionalov-unesco-young-professionals-programme-unesco\/#primaryimage"},"image":{"@id":"https:\/\/zborsolidarity.eu\/program-mladych-profesionalov-unesco-young-professionals-programme-unesco\/#primaryimage"},"thumbnailUrl":"https:\/\/zborsolidarity.eu\/wp-content\/uploads\/2023\/10\/Flag_of_UNESCO.svg.png","datePublished":"2023-10-03T12:06:51+00:00","dateModified":"2023-10-03T12:06:54+00:00","breadcrumb":{"@id":"https:\/\/zborsolidarity.eu\/program-mladych-profesionalov-unesco-young-professionals-programme-unesco\/#breadcrumb"},"inLanguage":"en-US","potentialAction":[{"@type":"ReadAction","target":["https:\/\/zborsolidarity.eu\/program-mladych-profesionalov-unesco-young-professionals-programme-unesco\/"]}]},{"@type":"ImageObject","inLanguage":"en-US","@id":"https:\/\/zborsolidarity.eu\/program-mladych-profesionalov-unesco-young-professionals-programme-unesco\/#primaryimage","url":"https:\/\/zborsolidarity.eu\/wp-content\/uploads\/2023\/10\/Flag_of_UNESCO.svg.png","contentUrl":"https:\/\/zborsolidarity.eu\/wp-content\/uploads\/2023\/10\/Flag_of_UNESCO.svg.png","width":1200,"height":800},{"@type":"BreadcrumbList","@id":"https:\/\/zborsolidarity.eu\/program-mladych-profesionalov-unesco-young-professionals-programme-unesco\/#breadcrumb","itemListElement":[{"@type":"ListItem","position":1,"name":"Domovsk\u00e1 str\u00e1nka","item":"https:\/\/zborsolidarity.eu\/"},{"@type":"ListItem","position":2,"name":"Program mlad\u00fdch profesion\u00e1lov UNESCO (Young Professionals Programme UNESCO)"}]},{"@type":"WebSite","@id":"https:\/\/zborsolidarity.eu\/#website","url":"https:\/\/zborsolidarity.eu\/","name":"European Solidarity Corps","description":"","publisher":{"@id":"https:\/\/zborsolidarity.eu\/#organization"},"potentialAction":[{"@type":"SearchAction","target":{"@type":"EntryPoint","urlTemplate":"https:\/\/zborsolidarity.eu\/?s={search_term_string}"},"query-input":{"@type":"PropertyValueSpecification","valueRequired":true,"valueName":"search_term_string"}}],"inLanguage":"en-US"},{"@type":"Organization","@id":"https:\/\/zborsolidarity.eu\/#organization","name":"European Solidarity Corps","url":"https:\/\/zborsolidarity.eu\/","logo":{"@type":"ImageObject","inLanguage":"en-US","@id":"https:\/\/zborsolidarity.eu\/#\/schema\/logo\/image\/","url":"https:\/\/zborsolidarity.eu\/wp-content\/uploads\/2020\/10\/zbor_solidarity_logo.png","contentUrl":"https:\/\/zborsolidarity.eu\/wp-content\/uploads\/2020\/10\/zbor_solidarity_logo.png","width":600,"height":165,"caption":"European Solidarity Corps"},"image":{"@id":"https:\/\/zborsolidarity.eu\/#\/schema\/logo\/image\/"}},{"@type":"Person","@id":"https:\/\/zborsolidarity.eu\/#\/schema\/person\/65922a538535f5699f67c84bd6813ddb","name":"Laura Beluskova","image":{"@type":"ImageObject","inLanguage":"en-US","@id":"https:\/\/zborsolidarity.eu\/#\/schema\/person\/image\/","url":"https:\/\/secure.gravatar.com\/avatar\/5ced65cda5aa6c52a9492cbd9a12511a78d48139071899e79a597c7e65e6c4bf?s=96&d=mm&r=g","contentUrl":"https:\/\/secure.gravatar.com\/avatar\/5ced65cda5aa6c52a9492cbd9a12511a78d48139071899e79a597c7e65e6c4bf?s=96&d=mm&r=g","caption":"Laura Beluskova"},"url":"https:\/\/zborsolidarity.eu\/en\/author\/matus-zibala\/"}]}},"_links":{"self":[{"href":"https:\/\/zborsolidarity.eu\/en\/wp-json\/wp\/v2\/posts\/3825","targetHints":{"allow":["GET"]}}],"collection":[{"href":"https:\/\/zborsolidarity.eu\/en\/wp-json\/wp\/v2\/posts"}],"about":[{"href":"https:\/\/zborsolidarity.eu\/en\/wp-json\/wp\/v2\/types\/post"}],"author":[{"embeddable":true,"href":"https:\/\/zborsolidarity.eu\/en\/wp-json\/wp\/v2\/users\/3"}],"replies":[{"embeddable":true,"href":"https:\/\/zborsolidarity.eu\/en\/wp-json\/wp\/v2\/comments?post=3825"}],"version-history":[{"count":1,"href":"https:\/\/zborsolidarity.eu\/en\/wp-json\/wp\/v2\/posts\/3825\/revisions"}],"predecessor-version":[{"id":3827,"href":"https:\/\/zborsolidarity.eu\/en\/wp-json\/wp\/v2\/posts\/3825\/revisions\/3827"}],"wp:featuredmedia":[{"embeddable":true,"href":"https:\/\/zborsolidarity.eu\/en\/wp-json\/wp\/v2\/media\/3826"}],"wp:attachment":[{"href":"https:\/\/zborsolidarity.eu\/en\/wp-json\/wp\/v2\/media?parent=3825"}],"wp:term":[{"taxonomy":"category","embeddable":true,"href":"https:\/\/zborsolidarity.eu\/en\/wp-json\/wp\/v2\/categories?post=3825"},{"taxonomy":"post_tag","embeddable":true,"href":"https:\/\/zborsolidarity.eu\/en\/wp-json\/wp\/v2\/tags?post=3825"}],"curies":[{"name":"wp","href":"https:\/\/api.w.org\/{rel}","templated":true}]}}